{"id":3219,"date":"2017-01-25T08:47:52","date_gmt":"2017-01-25T08:47:52","guid":{"rendered":"http:\/\/sobedrj.com.br\/novo\/?p=3219"},"modified":"2017-03-06T19:07:38","modified_gmt":"2017-03-06T19:07:38","slug":"reunioes-cientificas-da-sobed-rj-em-2017-ocorrerao-as-quartas-feiras","status":"publish","type":"post","link":"https:\/\/sobedrj.com.br\/novo\/2017\/01\/25\/reunioes-cientificas-da-sobed-rj-em-2017-ocorrerao-as-quartas-feiras\/","title":{"rendered":"Reuni\u00f5es cient\u00edficas da SOBED-RJ em 2017 ocorrer\u00e3o \u00e0s quartas-feiras"},"content":{"rendered":"<p>Nesta ano haver\u00e1 uma mudan\u00e7a no calend\u00e1rio das reuni\u00f5es cient\u00edficas da SOBED-RJ.\u00a0Em vez dos encontros ocorrerem \u00e0s segundas-feiras, eles ser\u00e3o realizados \u00e0s quartas-feiras nos mesmos hor\u00e1rio (19h) e local (audit\u00f3rio da Casa de Sa\u00fade S\u00e3o Jos\u00e9, no Humait\u00e1).<\/p>\n<p><strong>CONFIRA\u00a0AS DATAS<\/strong>:<\/p>\n<ul>\n<li>15 de mar\u00e7o;<\/li>\n<li>5 de abril;<\/li>\n<li>10 de maio;<\/li>\n<li>7 de junho;<\/li>\n<li>9 de agosto;<\/li>\n<li>4 de outubro;<\/li>\n<li>6 de dezembro.<\/li>\n<\/ul>\n<p>A primeira reuni\u00e3o cient\u00edfica do ano ter\u00e1 palestra do <strong>Dr. Vitor Arantes<\/strong>, presidente da SOBED-MG, coordenador da se\u00e7\u00e3o de Endoscopia do Hospital das Cl\u00ednicas e Mater Dei Contorno e Professor Adjunto do Instituto Alfa de Gastroenterologia.<\/p>\n<p><a href=\"http:\/\/sobedrj.com.br\/novo\/2016\/12\/reuniao-de-marco-de-2017\/\">VEJA A PROGRAMA\u00c7\u00c3O<\/a><\/p>\n","protected":false},"excerpt":{"rendered":"<p>Nesta ano haver\u00e1 uma mudan\u00e7a no calend\u00e1rio das reuni\u00f5es cient\u00edficas da SOBED-RJ.\u00a0Em vez dos encontros ocorrerem \u00e0s segundas-feiras, eles ser\u00e3o realizados \u00e0s quartas-feiras nos mesmos hor\u00e1rio (19h) e local (audit\u00f3rio da Casa de Sa\u00fade S\u00e3o Jos\u00e9, no Humait\u00e1). CONFIRA\u00a0AS DATAS: 15 de mar\u00e7o; 5 de abril; 10 de maio; 7 de junho; 9 de agosto; [&hellip;]<\/p>\n","protected":false},"author":1,"featured_media":0,"comment_status":"closed","ping_status":"open","sticky":false,"template":"","format":"standard","meta":{"ngg_post_thumbnail":0,"footnotes":""},"categories":[2],"tags":[],"class_list":["post-3219","post","type-post","status-publish","format-standard","hentry","category-noticias"],"aioseo_notices":[],"gutentor_comment":0,"_links":{"self":[{"href":"https:\/\/sobedrj.com.br\/novo\/wp-json\/wp\/v2\/posts\/3219","targetHints":{"allow":["GET"]}}],"collection":[{"href":"https:\/\/sobedrj.com.br\/novo\/wp-json\/wp\/v2\/posts"}],"about":[{"href":"https:\/\/sobedrj.com.br\/novo\/wp-json\/wp\/v2\/types\/post"}],"author":[{"embeddable":true,"href":"https:\/\/sobedrj.com.br\/novo\/wp-json\/wp\/v2\/users\/1"}],"replies":[{"embeddable":true,"href":"https:\/\/sobedrj.com.br\/novo\/wp-json\/wp\/v2\/comments?post=3219"}],"version-history":[{"count":2,"href":"https:\/\/sobedrj.com.br\/novo\/wp-json\/wp\/v2\/posts\/3219\/revisions"}],"predecessor-version":[{"id":3221,"href":"https:\/\/sobedrj.com.br\/novo\/wp-json\/wp\/v2\/posts\/3219\/revisions\/3221"}],"wp:attachment":[{"href":"https:\/\/sobedrj.com.br\/novo\/wp-json\/wp\/v2\/media?parent=3219"}],"wp:term":[{"taxonomy":"category","embeddable":true,"href":"https:\/\/sobedrj.com.br\/novo\/wp-json\/wp\/v2\/categories?post=3219"},{"taxonomy":"post_tag","embeddable":true,"href":"https:\/\/sobedrj.com.br\/novo\/wp-json\/wp\/v2\/tags?post=3219"}],"curies":[{"name":"wp","href":"https:\/\/api.w.org\/{rel}","templated":true}]}}