{"id":3244,"date":"2017-02-08T11:20:53","date_gmt":"2017-02-08T11:20:53","guid":{"rendered":"http:\/\/sobedrj.com.br\/novo\/?p=3244"},"modified":"2017-02-13T17:48:31","modified_gmt":"2017-02-13T17:48:31","slug":"sobed-rj-parabeniza-dra-erika-reis-por-cargo-na-nova-diretoria-do-cremerj","status":"publish","type":"post","link":"https:\/\/sobedrj.com.br\/novo\/2017\/02\/08\/sobed-rj-parabeniza-dra-erika-reis-por-cargo-na-nova-diretoria-do-cremerj\/","title":{"rendered":"SOBED-RJ parabeniza Dra. Erika Reis por cargo na nova diretoria do CREMERJ"},"content":{"rendered":"<figure id=\"attachment_3245\" aria-describedby=\"caption-attachment-3245\" style=\"width: 115px\" class=\"wp-caption alignleft\"><img loading=\"lazy\" decoding=\"async\" class=\"wp-image-3245 size-full\" src=\"http:\/\/sobedrj.com.br\/novo\/wp-content\/uploads\/2017\/02\/erikareis.jpg\" width=\"115\" height=\"158\" \/><figcaption id=\"caption-attachment-3245\" class=\"wp-caption-text\">Endoscopista Erika Monteiro Reis<\/figcaption><\/figure>\n<p>A nova diretoria do Conselho Regional de Medicina do Estado do Rio de Janeiro (Cremerj) tomou posse no dia 1\u00ba durante solenidade realizada na sede da entidade, em Botafogo, onde o Dr. Pablo Vazquez passou a presid\u00eancia para o Dr. Nelson Nahon, que ficar\u00e1 no cargo at\u00e9 setembro de 2018.<\/p>\n<p>Tamb\u00e9m tomou posse, como diretora tesoureira, a Dra. Erika Monteiro Reis. A SOBED-RJ aproveita a oportunidade para parabeniz\u00e1-la pela conquista que \u00e9 um reconhecimento do\u00a0seu trabalho realizado ao longo da carreira e um orgulho para todos os endoscopistas do Rio de Janeiro.<\/p>\n<p>Al\u00e9m de Pablo Vazquez e Nelson Nahon, a mesa foi composta pelo presidente do Conselho Federal de Medicina (CFM), Carlos Vital Tavares Correa Lima; pelo vice-presidente da regi\u00e3o leste-sul da Associa\u00e7\u00e3o M\u00e9dica Brasileira (AMB), Eduardo da Silva Vaz; pelo vice-presidente da Academia Nacional de Medicina (ANM), Jos\u00e9 Galv\u00e3o Alves; pelo presidente da Federa\u00e7\u00e3o M\u00e9dica Brasileira (FMN), Waldir Ara\u00fajo Cardoso; pelo secret\u00e1rio de Comunica\u00e7\u00e3o da Federa\u00e7\u00e3o Nacional dos M\u00e9dicos (Fenam), Jorge Sales Darze; pelo presidente da Associa\u00e7\u00e3o M\u00e9dica dos Residentes do Rio de Janeiro (Amererj), Jo\u00e3o Felipe Moraes Zanconato; pelo vice-presidente do Col\u00e9gio Brasileiro de Cirurgi\u00f5es (CBC), Savino Gasparini; pelo secret\u00e1rio de Estado de Sa\u00fade do Rio de Janeiro, Luiz Antonio de Souza Teixeira Junior; pela presidente da Fiocruz, N\u00edsia Trindade; e pelo presidente da Unimed Rio, Antonio Romeu Scofano J\u00fanior.<\/p>\n<p>Na ocasi\u00e3o, Pablo Vazquez agradeceu a confian\u00e7a dos colegas e falou sobre as lutas e conquistas da sua gest\u00e3o. Al\u00e9m do desenvolvimento de a\u00e7\u00f5es no Conselho, Vazquez ressaltou o desafio de enfrentar uma realidade muito dura na Sa\u00fade P\u00fablica e na Sa\u00fade Suplementar, em meio a uma grave crise econ\u00f4mica e pol\u00edtica.<\/p>\n<p>\u201cAtuamos em v\u00e1rias frentes e com bastante energia em defesa do nosso trabalho, da sa\u00fade da popula\u00e7\u00e3o e democracia. No entanto, a maior contribui\u00e7\u00e3o de todos foi a a\u00e7\u00e3o conjunta nos embates di\u00e1rios dos problemas que se apresentaram durante esses 23 meses\u201d, disse.<\/p>\n<p>No seu primeiro discurso como presidente do Cremerj, Nelson Nahon parabenizou Pablo Vazquez e toda sua diretoria pelo excelente trabalho \u00e0 frente do Conselho. Nahon firmou compromisso de dedicar esfor\u00e7os para garantir que a categoria possa exercer a medicina de forma \u00e9tica e justa e tamb\u00e9m pela defesa da Sa\u00fade p\u00fablica de qualidade.<\/p>\n<p>\u201cAssumo, em nome de toda categoria, o compromisso de lutar incessantemente pelas bandeiras do movimento m\u00e9dico, como a carreira de Estado, a amplia\u00e7\u00e3o da Estrat\u00e9gia de Sa\u00fade da Fam\u00edlia, o fortalecimento dos hospitais universit\u00e1rios e funda\u00e7\u00f5es de pesquisa, a valoriza\u00e7\u00e3o do profissional, com concursos p\u00fablicos com planos de cargos, carreiras e vencimentos. Atuaremos tamb\u00e9m na sa\u00fade suplementar e em\u00a0defesa da manuten\u00e7\u00e3o das cooperativas m\u00e9dicas, como importante\u00a0\u00e1rea de atua\u00e7\u00e3o da nossa categoria. Tamb\u00e9m continuaremos reivindicando o investimento de 10% da receita bruta federal na Sa\u00fade\u201d, afirmou Nahon.<\/p>\n<p>Carlos Vital, presidente do CFM, elogiou o desempenho de Pablo Vazquez na presid\u00eancia do Cremerj e tamb\u00e9m ressaltou o papel importante dele nas a\u00e7\u00f5es promovidas pelo CFM. Vital ainda falou sobre o momento atual do pa\u00eds e os desafios que o novo presidente encontrar\u00e1.<\/p>\n<p>\u201c\u00c9 muita coragem assumir um cargo deste porte em um momento t\u00e3o conturbado que vive a nossa na\u00e7\u00e3o. Momento de tantas reconstru\u00e7\u00f5es que precisam ser feitas, com tantos desafios e obst\u00e1culos postos \u00e0 nossa frente. Mas n\u00f3s sabemos como m\u00e9dicos que a nossa classe \u00e9 persistente, resiliente. \u00c9 uma classe que segue os conselhos colocados de forma po\u00e9tica por Fernando Pessoa: \u2018Pedras no caminho, guardo-as todas e construirei um castelo\u2019. Tenho certeza que esse castelo ser\u00e1 constru\u00eddo por homens como o Nelson e o Pablo e tantos outros que dedicam seus esfor\u00e7os aos conselhos de medicina\u201d, finalizou.<\/p>\n<p>O evento contou com a presen\u00e7a de autoridades federais, estaduais e municipais, diretores de hospitais, membros das C\u00e2maras T\u00e9cnicas e Comiss\u00f5es do Cremerj, m\u00e9dicos das seccionais e representantes de sociedades de especialidade, associa\u00e7\u00f5es e de entidades m\u00e9dicas de todo o Estado.<\/p>\n<p><strong>Conhe\u00e7a os membros da nova diretoria (gest\u00e3o 2017\/2018)<\/strong><\/p>\n<p>Presidente: Nelson Nahon<\/p>\n<p>Primeiro Vice-Presidente: Renato Brito de Alencastro Gra\u00e7a<\/p>\n<p>Segundo Vice-Presidente: Serafim Ferreira Borges<\/p>\n<p>Diretor Secret\u00e1rio Geral: Gil Sim\u00f5es Batista<\/p>\n<p>Diretora Primeira Secret\u00e1ria: Ana Maria Correia Cabral<\/p>\n<p>Diretor Segundo Secret\u00e1rio: Olavo Guilherme Marassi Filho<\/p>\n<p>Diretora Tesoureira: \u00c9rika Monteiro Reis<\/p>\n<p>Diretora Primeira Tesoureira: Mar\u00edlia de Abreu Silva<\/p>\n<p>Diretora de Sede e Representa\u00e7\u00f5es: Ilza Boeira Fellows<\/p>\n<p>Corregedor: Marcos Botelho da Fonseca Lima<\/p>\n<p>Vice-corregedor: Jos\u00e9 Ramon Varela Blanco<\/p>\n","protected":false},"excerpt":{"rendered":"<p>A nova diretoria do Conselho Regional de Medicina do Estado do Rio de Janeiro (Cremerj) tomou posse no dia 1\u00ba durante solenidade realizada na sede da entidade, em Botafogo, onde o Dr. Pablo Vazquez passou a presid\u00eancia para o Dr. Nelson Nahon, que ficar\u00e1 no cargo at\u00e9 setembro de 2018. Tamb\u00e9m tomou posse, como diretora [&hellip;]<\/p>\n","protected":false},"author":1,"featured_media":503,"comment_status":"closed","ping_status":"open","sticky":false,"template":"","format":"standard","meta":{"ngg_post_thumbnail":0,"footnotes":""},"categories":[2],"tags":[],"class_list":["post-3244","post","type-post","status-publish","format-standard","has-post-thumbnail","hentry","category-noticias"],"aioseo_notices":[],"gutentor_comment":0,"_links":{"self":[{"href":"https:\/\/sobedrj.com.br\/novo\/wp-json\/wp\/v2\/posts\/3244","targetHints":{"allow":["GET"]}}],"collection":[{"href":"https:\/\/sobedrj.com.br\/novo\/wp-json\/wp\/v2\/posts"}],"about":[{"href":"https:\/\/sobedrj.com.br\/novo\/wp-json\/wp\/v2\/types\/post"}],"author":[{"embeddable":true,"href":"https:\/\/sobedrj.com.br\/novo\/wp-json\/wp\/v2\/users\/1"}],"replies":[{"embeddable":true,"href":"https:\/\/sobedrj.com.br\/novo\/wp-json\/wp\/v2\/comments?post=3244"}],"version-history":[{"count":2,"href":"https:\/\/sobedrj.com.br\/novo\/wp-json\/wp\/v2\/posts\/3244\/revisions"}],"predecessor-version":[{"id":3253,"href":"https:\/\/sobedrj.com.br\/novo\/wp-json\/wp\/v2\/posts\/3244\/revisions\/3253"}],"wp:featuredmedia":[{"embeddable":true,"href":"https:\/\/sobedrj.com.br\/novo\/wp-json\/wp\/v2\/media\/503"}],"wp:attachment":[{"href":"https:\/\/sobedrj.com.br\/novo\/wp-json\/wp\/v2\/media?parent=3244"}],"wp:term":[{"taxonomy":"category","embeddable":true,"href":"https:\/\/sobedrj.com.br\/novo\/wp-json\/wp\/v2\/categories?post=3244"},{"taxonomy":"post_tag","embeddable":true,"href":"https:\/\/sobedrj.com.br\/novo\/wp-json\/wp\/v2\/tags?post=3244"}],"curies":[{"name":"wp","href":"https:\/\/api.w.org\/{rel}","templated":true}]}}