{"id":3247,"date":"2017-03-27T11:22:51","date_gmt":"2017-03-27T11:22:51","guid":{"rendered":"http:\/\/sobedrj.com.br\/novo\/?p=3247"},"modified":"2017-03-28T11:55:41","modified_gmt":"2017-03-28T11:55:41","slug":"sobed-abre-inscricoes-para-provas-de-titulo-de-especialista-e-de-certificado-de-atuacao","status":"publish","type":"post","link":"https:\/\/sobedrj.com.br\/novo\/2017\/03\/27\/sobed-abre-inscricoes-para-provas-de-titulo-de-especialista-e-de-certificado-de-atuacao\/","title":{"rendered":"Inscri\u00e7\u00f5es para provas de T\u00edtulo de Especialista e de Certificado de Atua\u00e7\u00e3o podem ser feitas at\u00e9 14 de abril"},"content":{"rendered":"<p>A prova para obten\u00e7\u00e3o do T\u00edtulo de Especialista ou\u00a0de Certificado de Atua\u00e7\u00e3o em Endoscopia Digestiva ser\u00e1 realizada no dia 21 de maio (domingo) em Vit\u00f3ria, Esp\u00edrito Santo, ap\u00f3s o XI Simp\u00f3sio Internacional de Endoscopia Digestiva da SOBED.<\/p>\n<p>A taxa de inscri\u00e7\u00e3o \u00e9 de R$ 1.050 para associados quites da SOBED ou da AMB e R$ 1.785 para n\u00e3o associados ou n\u00e3o quites com a anuidade da SOBED. As inscri\u00e7\u00f5es podem ser feitas at\u00e9 o dia 14 de abril (sexta-feira) pelo <a href=\"http:\/\/sobed.org.br\/Eventos\/evento\/detalhes\/495\" target=\"_blank\">site da SOBED<\/a>.<\/p>\n<p>CONFIRA OS EDITAIS:<\/p>\n<p><a href=\"http:\/\/sobed.pre-ec0643dde3.undercloud.net\/wp-content\/uploads\/2017\/02\/EDITAL%20Certif%20Atuacao%20final%20VITORIA%200217.pdf\">EDITAL DO CONCURSO PARA OBTEN\u00c7\u00c3O DO\u00a0CERTIFICADO DE \u00c1REA DE ATUA\u00c7\u00c3O EM\u00a0ENDOSCOPIA DIGESTIVA &#8211; MAIO 2017 (VIT\u00d3RIA &#8211; ES)<\/a><\/p>\n<p><a href=\"http:\/\/sobed.pre-ec0643dde3.undercloud.net\/wp-content\/uploads\/2017\/02\/EDITAL%20VITORIA%200217.pdf\">EDITAL DO CONCURSO PARA OBTEN\u00c7\u00c3O DO\u00a0TITULO DE ESPECIALISTA EM ENDOSCOPIA &#8211; MAIO 2017 (VIT\u00d3RIA &#8211; ES)<\/a><\/p>\n","protected":false},"excerpt":{"rendered":"<p>A prova para obten\u00e7\u00e3o do T\u00edtulo de Especialista ou\u00a0de Certificado de Atua\u00e7\u00e3o em Endoscopia Digestiva ser\u00e1 realizada no dia 21 de maio (domingo) em Vit\u00f3ria, Esp\u00edrito Santo, ap\u00f3s o XI Simp\u00f3sio Internacional de Endoscopia Digestiva da SOBED. A taxa de inscri\u00e7\u00e3o \u00e9 de R$ 1.050 para associados quites da SOBED ou da AMB e R$ [&hellip;]<\/p>\n","protected":false},"author":1,"featured_media":3248,"comment_status":"closed","ping_status":"open","sticky":false,"template":"","format":"standard","meta":{"ngg_post_thumbnail":0,"footnotes":""},"categories":[2],"tags":[],"class_list":["post-3247","post","type-post","status-publish","format-standard","has-post-thumbnail","hentry","category-noticias"],"aioseo_notices":[],"gutentor_comment":0,"_links":{"self":[{"href":"https:\/\/sobedrj.com.br\/novo\/wp-json\/wp\/v2\/posts\/3247","targetHints":{"allow":["GET"]}}],"collection":[{"href":"https:\/\/sobedrj.com.br\/novo\/wp-json\/wp\/v2\/posts"}],"about":[{"href":"https:\/\/sobedrj.com.br\/novo\/wp-json\/wp\/v2\/types\/post"}],"author":[{"embeddable":true,"href":"https:\/\/sobedrj.com.br\/novo\/wp-json\/wp\/v2\/users\/1"}],"replies":[{"embeddable":true,"href":"https:\/\/sobedrj.com.br\/novo\/wp-json\/wp\/v2\/comments?post=3247"}],"version-history":[{"count":3,"href":"https:\/\/sobedrj.com.br\/novo\/wp-json\/wp\/v2\/posts\/3247\/revisions"}],"predecessor-version":[{"id":3425,"href":"https:\/\/sobedrj.com.br\/novo\/wp-json\/wp\/v2\/posts\/3247\/revisions\/3425"}],"wp:featuredmedia":[{"embeddable":true,"href":"https:\/\/sobedrj.com.br\/novo\/wp-json\/wp\/v2\/media\/3248"}],"wp:attachment":[{"href":"https:\/\/sobedrj.com.br\/novo\/wp-json\/wp\/v2\/media?parent=3247"}],"wp:term":[{"taxonomy":"category","embeddable":true,"href":"https:\/\/sobedrj.com.br\/novo\/wp-json\/wp\/v2\/categories?post=3247"},{"taxonomy":"post_tag","embeddable":true,"href":"https:\/\/sobedrj.com.br\/novo\/wp-json\/wp\/v2\/tags?post=3247"}],"curies":[{"name":"wp","href":"https:\/\/api.w.org\/{rel}","templated":true}]}}