{"id":3250,"date":"2017-03-27T11:24:17","date_gmt":"2017-03-27T11:24:17","guid":{"rendered":"http:\/\/sobedrj.com.br\/novo\/?p=3250"},"modified":"2017-03-28T11:55:29","modified_gmt":"2017-03-28T11:55:29","slug":"inscricoes-abertas-para-o-xi-simposio-internacional-de-endoscopia-digestiva-que-ocorre-em-maio","status":"publish","type":"post","link":"https:\/\/sobedrj.com.br\/novo\/2017\/03\/27\/inscricoes-abertas-para-o-xi-simposio-internacional-de-endoscopia-digestiva-que-ocorre-em-maio\/","title":{"rendered":"Inscri\u00e7\u00f5es abertas para o XI Simp\u00f3sio Internacional de Endoscopia Digestiva que ocorre em maio"},"content":{"rendered":"<p>A SOBED promove nos dias 19 e 20 de maio (sexta-feira e s\u00e1bado) a <a href=\"http:\/\/www.sied.org.br\/\" target=\"_blank\">11\u00aa edi\u00e7\u00e3o do Simp\u00f3sio Internacional de Endoscopia Digestiva (SIED)<\/a>, evento que deve reunir em Vit\u00f3ria (ES) mais de 500 especialistas de todo o Brasil, entre m\u00e9dicos e outros profissionais, para trocar experi\u00eancias e promover debates sobre a especialidade.<\/p>\n<p>Confira alguns destaques da programa\u00e7\u00e3o:<\/p>\n<p>Legisla\u00e7\u00e3o em endoscopia digestiva; Seda\u00e7\u00e3o; Endoscopia pedi\u00e1trica; Corpos estranhos; Hemorragia digestiva; Neoplasia g\u00e1strica; P\u00f3lipos g\u00e1stricos e poliposes; Linfoma g\u00e1strico; Papel da endoscopia no tratamento da obesidade; Pancreatites agudas e cr\u00f4nicas; Crit\u00e9rios de qualidade em colonoscopia; Doen\u00e7as inflamat\u00f3rias intestinais; Hemorragia digestiva baixa e Neoplasia maligna do intestino.<\/p>\n<p>As inscri\u00e7\u00f5es para o SIED j\u00e1 est\u00e3o abertas, contam com valores diferenciados at\u00e9 5 de maio e podem ser feitas pelo <a href=\"http:\/\/www.sied.org.br\/\" target=\"_blank\">hotsite do evento<\/a>.<\/p>\n","protected":false},"excerpt":{"rendered":"<p>A SOBED promove nos dias 19 e 20 de maio (sexta-feira e s\u00e1bado) a 11\u00aa edi\u00e7\u00e3o do Simp\u00f3sio Internacional de Endoscopia Digestiva (SIED), evento que deve reunir em Vit\u00f3ria (ES) mais de 500 especialistas de todo o Brasil, entre m\u00e9dicos e outros profissionais, para trocar experi\u00eancias e promover debates sobre a especialidade. Confira alguns destaques [&hellip;]<\/p>\n","protected":false},"author":1,"featured_media":3251,"comment_status":"closed","ping_status":"open","sticky":false,"template":"","format":"standard","meta":{"ngg_post_thumbnail":0,"footnotes":""},"categories":[2],"tags":[],"class_list":["post-3250","post","type-post","status-publish","format-standard","has-post-thumbnail","hentry","category-noticias"],"aioseo_notices":[],"gutentor_comment":0,"_links":{"self":[{"href":"https:\/\/sobedrj.com.br\/novo\/wp-json\/wp\/v2\/posts\/3250","targetHints":{"allow":["GET"]}}],"collection":[{"href":"https:\/\/sobedrj.com.br\/novo\/wp-json\/wp\/v2\/posts"}],"about":[{"href":"https:\/\/sobedrj.com.br\/novo\/wp-json\/wp\/v2\/types\/post"}],"author":[{"embeddable":true,"href":"https:\/\/sobedrj.com.br\/novo\/wp-json\/wp\/v2\/users\/1"}],"replies":[{"embeddable":true,"href":"https:\/\/sobedrj.com.br\/novo\/wp-json\/wp\/v2\/comments?post=3250"}],"version-history":[{"count":3,"href":"https:\/\/sobedrj.com.br\/novo\/wp-json\/wp\/v2\/posts\/3250\/revisions"}],"predecessor-version":[{"id":3423,"href":"https:\/\/sobedrj.com.br\/novo\/wp-json\/wp\/v2\/posts\/3250\/revisions\/3423"}],"wp:featuredmedia":[{"embeddable":true,"href":"https:\/\/sobedrj.com.br\/novo\/wp-json\/wp\/v2\/media\/3251"}],"wp:attachment":[{"href":"https:\/\/sobedrj.com.br\/novo\/wp-json\/wp\/v2\/media?parent=3250"}],"wp:term":[{"taxonomy":"category","embeddable":true,"href":"https:\/\/sobedrj.com.br\/novo\/wp-json\/wp\/v2\/categories?post=3250"},{"taxonomy":"post_tag","embeddable":true,"href":"https:\/\/sobedrj.com.br\/novo\/wp-json\/wp\/v2\/tags?post=3250"}],"curies":[{"name":"wp","href":"https:\/\/api.w.org\/{rel}","templated":true}]}}