{"id":3263,"date":"2017-02-16T08:57:07","date_gmt":"2017-02-16T08:57:07","guid":{"rendered":"http:\/\/sobedrj.com.br\/novo\/?p=3263"},"modified":"2017-03-06T19:07:31","modified_gmt":"2017-03-06T19:07:31","slug":"parecer-cfm-whatsapp","status":"publish","type":"post","link":"https:\/\/sobedrj.com.br\/novo\/2017\/02\/16\/parecer-cfm-whatsapp\/","title":{"rendered":"SOBED-RJ disponibiliza parecer do CFM sobre uso do WhatsApp"},"content":{"rendered":"<p>A morte da ex-primeira-dama Marisa Let\u00edcia, no come\u00e7o do m\u00eas, e o vazamento de informa\u00e7\u00f5es do prontu\u00e1rio dela colocaram a \u00e9tica m\u00e9dica em evid\u00eancia.\u00a0O CREMESP abriu sindic\u00e2ncia para apurar o caso e seu presidente, Mauro Aranha, afirmou que deve haver endurecimento nas regras sobre compartilhamento em redes sociais. Al\u00e9m disso, muitos artigos, mat\u00e9rias e debates ocorreram ao longo das \u00faltimas semanas tendo em vista, principalmente, a discuss\u00e3o de casos de pacientes via WhatsApp.<\/p>\n<p>Para dirimir d\u00favidas que nossos associados possam ter, a diretoria da SOBED-RJ disponibiliza parecer\u00a0da Coordena\u00e7\u00e3o Jur\u00eddica do Conselho Federal de Medicina, datado de 13 de julho de 2016, que trata do assunto:<\/p>\n<p style=\"text-align: center;\"><a href=\"http:\/\/sobedrj.com.br\/novo\/wp-content\/uploads\/2015\/02\/logocfmred.jpg\" rel=\"lightbox[3263]\"><img loading=\"lazy\" decoding=\"async\" class=\"aligncenter size-full wp-image-146\" src=\"http:\/\/sobedrj.com.br\/novo\/wp-content\/uploads\/2015\/02\/logocfmred.jpg\" alt=\"\" width=\"149\" height=\"150\" \/><\/a><\/p>\n<p><strong>DESPACHO SEJUR N.\u00ba 373\/2016<br \/>\n<\/strong><strong>(Aprovado em Reuni\u00e3o de Diretoria em 13\/07\/2016)\u00a0<\/strong><\/p>\n<ul>\n<li><strong>Expedientes n.\u00ba 6829\/2016<\/strong><\/li>\n<li><strong>Assunto: <\/strong>An\u00e1lise Jur\u00eddica. Utiliza\u00e7\u00e3o de novas tecnologias. Necessidade de regulamenta\u00e7\u00e3o pelo CFM. Utiliza\u00e7\u00e3o de aplicativos de conversa simult\u00e2nea. Sigilo m\u00e9dico. Grupos de discuss\u00e3o por meio do \u201cWhatsApp\u201d<strong>.\u00a0<\/strong><\/li>\n<\/ul>\n<p><strong>III \u2013 DA CONCLUS\u00c3O\u00a0<\/strong><\/p>\n<p>Diante do exposto, esta COJUR opina da seguinte forma:<\/p>\n<p>a) Do ponto de vista jur\u00eddico, visando promover uma interpreta\u00e7\u00e3o sistem\u00e1tica das normas constitucionais, legais e administrativas que regem a medicina brasileira, em especial nos termos do art. 5\u00ba, incisos XIII e XIV, da Constitui\u00e7\u00e3o da Rep\u00fablica, da Lei n.\u00ba 3.268\/57, do C\u00f3digo de \u00c9tica M\u00e9dica, bem como o inafast\u00e1vel sigilo da rela\u00e7\u00e3o m\u00e9dico-paciente, cremos que a utiliza\u00e7\u00e3o no contexto da medicina dos novos m\u00e9todos e recursos tecnol\u00f3gicos \u00e9 medida irrevers\u00edvel e que encontra amparo no atual cen\u00e1rio de evolu\u00e7\u00e3o das rela\u00e7\u00f5es humanas j\u00e1 que, como dito, traz incont\u00e1veis benef\u00edcios ao mister do profissional m\u00e9dico na busca do melhor diagn\u00f3stico e do posterior progn\u00f3stico dos pacientes e de suas enfermidade;<\/p>\n<p>b) Nesse contexto, o uso do aplicativo \u201cWhatsApp\u201d, e outros cong\u00eaneres, \u00e9 poss\u00edvel para forma\u00e7\u00e3o de grupos formados exclusivamente por profissionais m\u00e9dicos visando realizar discuss\u00f5es de casos m\u00e9dicos que demandem a interven\u00e7\u00e3o das diversas especialidades m\u00e9dicas;<\/p>\n<p>c) Todavia, como tais assuntos s\u00e3o cobertos por sigilo, tais grupos devem ser formados exclusivamente por m\u00e9dicos devidamente registrados nos Conselhos de Medicina, caracterizando indevida viola\u00e7\u00e3o de sigilo a abertura de tais discuss\u00f5es a pessoas que n\u00e3o se enquadrem em tal condi\u00e7\u00e3o;<\/p>\n<p>d) Por outro lado, com base no art. 75 do C\u00f3digo de \u00c9tica M\u00e9dica as discuss\u00f5es jamais poder\u00e3o fazer refer\u00eancia a casos cl\u00ednicos identific\u00e1veis, exibir pacientes ou seus retratos em an\u00fancios profissionais ou na divulga\u00e7\u00e3o de assuntos m\u00e9dicos, em meios de comunica\u00e7\u00e3o em geral, mesmo com autoriza\u00e7\u00e3o do paciente;<\/p>\n<p>e) Registre-se, ainda, que os profissionais m\u00e9dicos que participam de tais grupos s\u00e3o pessoalmente respons\u00e1veis pelas informa\u00e7\u00f5es, opini\u00f5es, palavras\u00a0e m\u00eddias que disponibilizem em suas discuss\u00f5es, as quais, certamente, devem se ater aos limites da moral e da \u00e9tica m\u00e9dica;<\/p>\n<p>f) Por fim, diante da import\u00e2ncia que recai sobre a mat\u00e9ria, recomenda-se que o Conselho Federal de Medicina edite Resolu\u00e7\u00e3o ou outra modalidade de ato normativo que busque regulamentar a utiliza\u00e7\u00e3o de tais grupos de discuss\u00e3o por meio de aplicativos, medida que certamente contribuir\u00e1 para fortalecer a seguran\u00e7a jur\u00eddica e a efici\u00eancia das rela\u00e7\u00f5es m\u00e9dicas.<\/p>\n<p>&nbsp;<\/p>\n","protected":false},"excerpt":{"rendered":"<p>A morte da ex-primeira-dama Marisa Let\u00edcia, no come\u00e7o do m\u00eas, e o vazamento de informa\u00e7\u00f5es do prontu\u00e1rio dela colocaram a \u00e9tica m\u00e9dica em evid\u00eancia.\u00a0O CREMESP abriu sindic\u00e2ncia para apurar o caso e seu presidente, Mauro Aranha, afirmou que deve haver endurecimento nas regras sobre compartilhamento em redes sociais. Al\u00e9m disso, muitos artigos, mat\u00e9rias e debates [&hellip;]<\/p>\n","protected":false},"author":1,"featured_media":0,"comment_status":"closed","ping_status":"open","sticky":false,"template":"","format":"standard","meta":{"ngg_post_thumbnail":0,"footnotes":""},"categories":[2],"tags":[],"class_list":["post-3263","post","type-post","status-publish","format-standard","hentry","category-noticias"],"aioseo_notices":[],"gutentor_comment":0,"_links":{"self":[{"href":"https:\/\/sobedrj.com.br\/novo\/wp-json\/wp\/v2\/posts\/3263","targetHints":{"allow":["GET"]}}],"collection":[{"href":"https:\/\/sobedrj.com.br\/novo\/wp-json\/wp\/v2\/posts"}],"about":[{"href":"https:\/\/sobedrj.com.br\/novo\/wp-json\/wp\/v2\/types\/post"}],"author":[{"embeddable":true,"href":"https:\/\/sobedrj.com.br\/novo\/wp-json\/wp\/v2\/users\/1"}],"replies":[{"embeddable":true,"href":"https:\/\/sobedrj.com.br\/novo\/wp-json\/wp\/v2\/comments?post=3263"}],"version-history":[{"count":3,"href":"https:\/\/sobedrj.com.br\/novo\/wp-json\/wp\/v2\/posts\/3263\/revisions"}],"predecessor-version":[{"id":3267,"href":"https:\/\/sobedrj.com.br\/novo\/wp-json\/wp\/v2\/posts\/3263\/revisions\/3267"}],"wp:attachment":[{"href":"https:\/\/sobedrj.com.br\/novo\/wp-json\/wp\/v2\/media?parent=3263"}],"wp:term":[{"taxonomy":"category","embeddable":true,"href":"https:\/\/sobedrj.com.br\/novo\/wp-json\/wp\/v2\/categories?post=3263"},{"taxonomy":"post_tag","embeddable":true,"href":"https:\/\/sobedrj.com.br\/novo\/wp-json\/wp\/v2\/tags?post=3263"}],"curies":[{"name":"wp","href":"https:\/\/api.w.org\/{rel}","templated":true}]}}