{"id":3283,"date":"2017-02-22T13:00:52","date_gmt":"2017-02-22T13:00:52","guid":{"rendered":"http:\/\/sobedrj.com.br\/novo\/?p=3283"},"modified":"2017-03-06T19:07:24","modified_gmt":"2017-03-06T19:07:24","slug":"sobediano-garanta-o-reajuste-da-ans-para-remuneracao-de-procedimentos","status":"publish","type":"post","link":"https:\/\/sobedrj.com.br\/novo\/2017\/02\/22\/sobediano-garanta-o-reajuste-da-ans-para-remuneracao-de-procedimentos\/","title":{"rendered":"Sobediano: garanta o reajuste da ANS para remunera\u00e7\u00e3o de procedimentos!"},"content":{"rendered":"<p>fonte: SOBED<\/p>\n<p>A SOBED orienta todos os associados que acessem a p\u00e1gina da Associa\u00e7\u00e3o M\u00e9dica Brasileira (AMB) e preencham com urg\u00eancia o Question\u00e1rio sobre Fator de Qualidade para garantir o reajuste da remunera\u00e7\u00e3o por procedimentos m\u00e9dicos. <a href=\"http:\/\/cadastrofq.amb.org.br\/?utm_campaign&amp;utm_content=Cadastro%20Fator%20de%20Qualidade%20%E2%80%93%20Cadastro%20%E2%80%93%20Fator%20de%20Qualidade%20ANS%20%281%29&amp;utm_medium=email&amp;utm_source=EmailMarketing&amp;utm_term=ANS\">Acesse aqui<\/a>.<\/p>\n<p>No site da AMB voc\u00ea tamb\u00e9m encontra um manual de orienta\u00e7\u00f5es \u00e0 categoria sobre os requisitos m\u00ednimos para os contratos com as operadoras. <a href=\"http:\/\/amb.org.br\/_ebook\/2016\/_Manual_Contratualiza%C3%A7%C3%A3o_sites.pdf\">Dispon\u00edvel aqui<\/a>.<\/p>\n<p>Al\u00e9m disso, tamb\u00e9m est\u00e1 dispon\u00edvel um formul\u00e1rio criado pela AMB para a den\u00fancia de irregularidades na remunera\u00e7\u00e3o de m\u00e9dicos. Voc\u00ea pode acessar esse conte\u00fado <a href=\"http:\/\/amb.org.br\/noticias\/denuncie-irregularidades-na-remuneracao-dos-medicos\/?utm_campaign=&amp;utm_content=Denuncie+irregularidades+na+remunera%C3%A7%C3%A3o+dos+m%C3%A9dicos+-+AMB+%281%29&amp;utm_medium=email&amp;utm_source=EmailMarketing&amp;utm_term=ANS\">clicando aqui<\/a>.<\/p>\n<p>&nbsp;<\/p>\n","protected":false},"excerpt":{"rendered":"<p>fonte: SOBED A SOBED orienta todos os associados que acessem a p\u00e1gina da Associa\u00e7\u00e3o M\u00e9dica Brasileira (AMB) e preencham com urg\u00eancia o Question\u00e1rio sobre Fator de Qualidade para garantir o reajuste da remunera\u00e7\u00e3o por procedimentos m\u00e9dicos. Acesse aqui. No site da AMB voc\u00ea tamb\u00e9m encontra um manual de orienta\u00e7\u00f5es \u00e0 categoria sobre os requisitos m\u00ednimos [&hellip;]<\/p>\n","protected":false},"author":1,"featured_media":506,"comment_status":"closed","ping_status":"open","sticky":false,"template":"","format":"standard","meta":{"ngg_post_thumbnail":0,"footnotes":""},"categories":[2],"tags":[],"class_list":["post-3283","post","type-post","status-publish","format-standard","has-post-thumbnail","hentry","category-noticias"],"aioseo_notices":[],"gutentor_comment":0,"_links":{"self":[{"href":"https:\/\/sobedrj.com.br\/novo\/wp-json\/wp\/v2\/posts\/3283","targetHints":{"allow":["GET"]}}],"collection":[{"href":"https:\/\/sobedrj.com.br\/novo\/wp-json\/wp\/v2\/posts"}],"about":[{"href":"https:\/\/sobedrj.com.br\/novo\/wp-json\/wp\/v2\/types\/post"}],"author":[{"embeddable":true,"href":"https:\/\/sobedrj.com.br\/novo\/wp-json\/wp\/v2\/users\/1"}],"replies":[{"embeddable":true,"href":"https:\/\/sobedrj.com.br\/novo\/wp-json\/wp\/v2\/comments?post=3283"}],"version-history":[{"count":1,"href":"https:\/\/sobedrj.com.br\/novo\/wp-json\/wp\/v2\/posts\/3283\/revisions"}],"predecessor-version":[{"id":3284,"href":"https:\/\/sobedrj.com.br\/novo\/wp-json\/wp\/v2\/posts\/3283\/revisions\/3284"}],"wp:featuredmedia":[{"embeddable":true,"href":"https:\/\/sobedrj.com.br\/novo\/wp-json\/wp\/v2\/media\/506"}],"wp:attachment":[{"href":"https:\/\/sobedrj.com.br\/novo\/wp-json\/wp\/v2\/media?parent=3283"}],"wp:term":[{"taxonomy":"category","embeddable":true,"href":"https:\/\/sobedrj.com.br\/novo\/wp-json\/wp\/v2\/categories?post=3283"},{"taxonomy":"post_tag","embeddable":true,"href":"https:\/\/sobedrj.com.br\/novo\/wp-json\/wp\/v2\/tags?post=3283"}],"curies":[{"name":"wp","href":"https:\/\/api.w.org\/{rel}","templated":true}]}}