{"id":3308,"date":"2017-03-06T16:56:44","date_gmt":"2017-03-06T16:56:44","guid":{"rendered":"http:\/\/sobedrj.com.br\/novo\/?p=3308"},"modified":"2017-03-07T10:17:21","modified_gmt":"2017-03-07T10:17:21","slug":"oms-pede-o-desenvolvimento-de-novos-antibioticos-para-12-superbacterias","status":"publish","type":"post","link":"https:\/\/sobedrj.com.br\/novo\/2017\/03\/06\/oms-pede-o-desenvolvimento-de-novos-antibioticos-para-12-superbacterias\/","title":{"rendered":"OMS pede o desenvolvimento de novos antibi\u00f3ticos para 12 &#8216;superbact\u00e9rias&#8217;"},"content":{"rendered":"<p>fonte: O Globo<\/p>\n<p>A Organiza\u00e7\u00e3o Mundial da Sa\u00fade (OMS) publicou nesta segunda-feira uma lista de 12 fam\u00edlias de bact\u00e9rias resistentes aos tratamentos atuais e instou o desenvolvimento de novos antibi\u00f3ticos para combat\u00ea-las.<\/p>\n<p>O risco para a sa\u00fade \u00e9 &#8220;cr\u00edtico&#8221; no caso de tr\u00eas fam\u00edlias de bact\u00e9rias, resistentes inclusive aos antibi\u00f3ticos mais recentes e que causam a maioria das infec\u00e7\u00f5es hospitalares.<\/p>\n<p>Os chamados &#8220;pat\u00f3genos priorit\u00e1rios&#8221; provocam infec\u00e7\u00f5es no sangue, nos pulm\u00f5es, no c\u00e9rebro e no trato urin\u00e1rio que podem ser fatais.<\/p>\n<p>\u2014 A resist\u00eancia aos antibi\u00f3ticos est\u00e1 crescendo, e estamos ficando rapidamente sem op\u00e7\u00f5es de tratamento \u2014 disse Marie-Paule Kieny, assistente do diretor-geral da OMS. \u2014 Se deixarmos este assunto para as for\u00e7as do mercado, os novos antibi\u00f3ticos que precisamos urgentemente n\u00e3o ser\u00e3o desenvolvidos a tempo.<\/p>\n<p>A OMS insta os governos a incentivarem o financiamento p\u00fablico e privado para lutar contra estas &#8220;superbact\u00e9rias&#8221;.<\/p>\n<p style=\"text-align: center;\"><img loading=\"lazy\" decoding=\"async\" class=\"aligncenter size-full wp-image-3309\" src=\"http:\/\/sobedrj.com.br\/novo\/wp-content\/uploads\/2017\/03\/ciclo-resistencia-desk.png\" alt=\"\" width=\"700\" height=\"1438\" srcset=\"https:\/\/sobedrj.com.br\/novo\/wp-content\/uploads\/2017\/03\/ciclo-resistencia-desk.png 700w, https:\/\/sobedrj.com.br\/novo\/wp-content\/uploads\/2017\/03\/ciclo-resistencia-desk-146x300.png 146w, https:\/\/sobedrj.com.br\/novo\/wp-content\/uploads\/2017\/03\/ciclo-resistencia-desk-498x1024.png 498w, https:\/\/sobedrj.com.br\/novo\/wp-content\/uploads\/2017\/03\/ciclo-resistencia-desk-600x1233.png 600w\" sizes=\"auto, (max-width: 700px) 100vw, 700px\" \/><\/p>\n<p>A ag\u00eancia da ONU alertou anteriormente que se n\u00e3o se age para resolver o problema, o mundo est\u00e1 condenado a uma era &#8220;p\u00f3s-antibi\u00f3ticos&#8221;, na qual infec\u00e7\u00f5es comuns e pequenas feridas voltar\u00e3o a ser fatais.<\/p>\n<p>As bact\u00e9rias podem se tornar resistentes quando o paciente n\u00e3o toma corretamente os antibi\u00f3ticos. Estas infectam atrav\u00e9s do contato direto com outras pessoas, os animais, a \u00e1gua e o ar.<\/p>\n<p>Quando os antibi\u00f3ticos mais comuns n\u00e3o funcionam, se recorre a outros tratamentos mais caros e longos, que com frequ\u00eancia requerem hospitaliza\u00e7\u00e3o.<\/p>\n<p><strong>ESCALA DE PERIGO<\/strong><\/p>\n<p>As bact\u00e9rias destacadas pela OMS foram selecionadas, entre outros crit\u00e9rios, segundo o grau de severidade das infec\u00e7\u00f5es que causam, a facilidade com que se propagam e quantos antibi\u00f3ticos eficazes restam para combat\u00ea-las.<\/p>\n<p>A lista est\u00e1 dividida em tr\u00eas categorias, segundo sua prioridade: cr\u00edtica, alta e m\u00e9dia.<\/p>\n<p>A primeira inclui &#8220;superbact\u00e9rias&#8221; resistentes aos antibi\u00f3ticos carbapen\u00eamicos, o \u00faltimo recurso para infec\u00e7\u00f5es potencialmente mortais que com frequ\u00eancia se propagam em hospitais, asilos e entre pacientes que precisam de respiradores e cateteres.<\/p>\n<p>Em janeiro, uma mulher americana morreu devido a uma infec\u00e7\u00e3o resistente aos 27 antibi\u00f3ticos dispon\u00edveis, causada pela Enterobacteriaceae, inclu\u00edda na lista da OMS.<\/p>\n<p>A segunda e terceira categorias incluem bact\u00e9rias que causam doen\u00e7as &#8220;mais comuns&#8221;, como gonorreia e salmonela.<\/p>\n<p>A lista ser\u00e1 examinada junto a especialistas em sa\u00fade do G20, reunidos em Berlim nesta semana.<\/p>\n<p>\u2014 Os novos antibi\u00f3ticos contra esta lista priorit\u00e1ria de pat\u00f3genos ajudar\u00e3o a reduzir o n\u00famero de mortes devido \u00e0s infec\u00e7\u00f5es resistentes no mundo \u2014 disse Evelina Tacconelli, da Universidade de Tuebingen, na Alemanha, que participou na elabora\u00e7\u00e3o do documento.<\/p>\n<p>Em setembro, um estudo brit\u00e2nico afirmou que as bact\u00e9rias resistentes poderiam &#8220;matar at\u00e9 10 milh\u00f5es de pessoas por ano at\u00e9 2050, ou seja, tanto quanto o c\u00e2ncer&#8221;.<\/p>\n<p>A tuberculose n\u00e3o foi inclu\u00edda na lista da OMS porque j\u00e1 existem programas de financiamento para desenvolver novos antibi\u00f3ticos, afirmou a organiza\u00e7\u00e3o.<\/p>\n","protected":false},"excerpt":{"rendered":"<p>fonte: O Globo A Organiza\u00e7\u00e3o Mundial da Sa\u00fade (OMS) publicou nesta segunda-feira uma lista de 12 fam\u00edlias de bact\u00e9rias resistentes aos tratamentos atuais e instou o desenvolvimento de novos antibi\u00f3ticos para combat\u00ea-las. O risco para a sa\u00fade \u00e9 &#8220;cr\u00edtico&#8221; no caso de tr\u00eas fam\u00edlias de bact\u00e9rias, resistentes inclusive aos antibi\u00f3ticos mais recentes e que causam [&hellip;]<\/p>\n","protected":false},"author":1,"featured_media":0,"comment_status":"closed","ping_status":"open","sticky":false,"template":"","format":"standard","meta":{"ngg_post_thumbnail":0,"footnotes":""},"categories":[2],"tags":[],"class_list":["post-3308","post","type-post","status-publish","format-standard","hentry","category-noticias"],"aioseo_notices":[],"gutentor_comment":0,"_links":{"self":[{"href":"https:\/\/sobedrj.com.br\/novo\/wp-json\/wp\/v2\/posts\/3308","targetHints":{"allow":["GET"]}}],"collection":[{"href":"https:\/\/sobedrj.com.br\/novo\/wp-json\/wp\/v2\/posts"}],"about":[{"href":"https:\/\/sobedrj.com.br\/novo\/wp-json\/wp\/v2\/types\/post"}],"author":[{"embeddable":true,"href":"https:\/\/sobedrj.com.br\/novo\/wp-json\/wp\/v2\/users\/1"}],"replies":[{"embeddable":true,"href":"https:\/\/sobedrj.com.br\/novo\/wp-json\/wp\/v2\/comments?post=3308"}],"version-history":[{"count":1,"href":"https:\/\/sobedrj.com.br\/novo\/wp-json\/wp\/v2\/posts\/3308\/revisions"}],"predecessor-version":[{"id":3311,"href":"https:\/\/sobedrj.com.br\/novo\/wp-json\/wp\/v2\/posts\/3308\/revisions\/3311"}],"wp:attachment":[{"href":"https:\/\/sobedrj.com.br\/novo\/wp-json\/wp\/v2\/media?parent=3308"}],"wp:term":[{"taxonomy":"category","embeddable":true,"href":"https:\/\/sobedrj.com.br\/novo\/wp-json\/wp\/v2\/categories?post=3308"},{"taxonomy":"post_tag","embeddable":true,"href":"https:\/\/sobedrj.com.br\/novo\/wp-json\/wp\/v2\/tags?post=3308"}],"curies":[{"name":"wp","href":"https:\/\/api.w.org\/{rel}","templated":true}]}}