{"id":3348,"date":"2017-03-13T18:00:41","date_gmt":"2017-03-13T18:00:41","guid":{"rendered":"http:\/\/sobedrj.com.br\/novo\/?p=3348"},"modified":"2017-03-14T18:14:11","modified_gmt":"2017-03-14T18:14:11","slug":"as-escolas-de-medicina-no-palco-das-ilusoes","status":"publish","type":"post","link":"https:\/\/sobedrj.com.br\/novo\/2017\/03\/13\/as-escolas-de-medicina-no-palco-das-ilusoes\/","title":{"rendered":"As escolas de medicina no palco das ilus\u00f5es"},"content":{"rendered":"<p>fonte: CFM<\/p>\n<p>por <em>Carlos Vital Tavares Corr\u00eaa Lima &#8211;<\/em>\u00a0<em>presidente do Conselho Federal de Medicina (CFM).<\/em><\/p>\n<p>A pol\u00edtica brasileira, no cen\u00e1rio das ilus\u00f5es, determinante de mais escolas de medicina no Pa\u00eds, \u00e9 realizada sem observa\u00e7\u00e3o das estruturas necess\u00e1rias \u00e0 qualidade do ensino. Apenas \u00e9 dirigida \u00e0s satisfa\u00e7\u00f5es dos interesses eleitorais nos munic\u00edpios interioranos e ao g\u00e1udio empresarial. As graves consequ\u00eancias na assist\u00eancia \u00e0 sa\u00fade p\u00fablica em face dessa pol\u00edtica ser\u00e3o arcadas pela sociedade.<\/p>\n<p>H\u00e1 dois anos, como resultado da falta de controle e de avalia\u00e7\u00e3o do eixo ensino-aprendizado da medicina, existiam 257 escolas, muitas institu\u00eddas sem crit\u00e9rios t\u00e9cnicos e demogr\u00e1ficos, pontos de refer\u00eancia a uma pol\u00edtica educacional de bom senso.<br \/>\nN\u00e3o obstante, no per\u00edodo de julho de 2015 a fevereiro de 2017, da mesma forma, outras 14 unidades foram autorizadas pelo Minist\u00e9rio da Educa\u00e7\u00e3o (MEC), com o aumento de 1.110 vagas, em sua maioria na \u00e1rea privada, sob custo m\u00e9dio mensal de R$ 6.753,94, financiadas ao futuro egresso, em grande parte, com o dinheiro do Estado.<\/p>\n<p>As perspectivas s\u00e3o as de d\u00edvidas vultosas para os futuros m\u00e9dicos e de improv\u00e1veis ressarcimentos do er\u00e1rio p\u00fablico, que neste contexto subsidia o lucro do capital privado. Assim, cabe a pressuposi\u00e7\u00e3o de que o Poder Executivo aposta na resigna\u00e7\u00e3o do povo, sem protestos resolutivos, aos impostos que lhe s\u00e3o tributados e na capacidade popular de costurar e viver fantasias carnavalescas, esquecendo com o circo a falta do p\u00e3o!<\/p>\n<p>Das 14 mais recentes escolas de medicina em atividade, sete est\u00e3o no Nordeste, regi\u00e3o que at\u00e9 o ano de 2015 concentrava 25,4% dos cursos m\u00e9dicos; seis est\u00e3o nas regi\u00f5es Sul e Sudeste, que comportavam naquele per\u00edodo 57,5% do total de escolas no Brasil; enquanto uma dessas escolas ficou situada na regi\u00e3o Centro-Oeste.<\/p>\n<p>Al\u00e9m da evidente desproporcionalidade demogr\u00e1fica, o mais alarmante \u00e9 a falta de respeito a crit\u00e9rios objetivos e imperiosos para a abertura de novas escolas.<\/p>\n<p>Destas 14 escolas j\u00e1 referidas e distribu\u00eddas em 12 munic\u00edpios, 11 dos quais sem hospital de ensino, 10 delas est\u00e3o em localidades que n\u00e3o atendem \u00e0 exig\u00eancia de um m\u00ednimo de cinco leitos no Sistema \u00danico de Sa\u00fade (SUS) para cada aluno, e oito est\u00e3o em munic\u00edpios que n\u00e3o atendem a outra inarred\u00e1vel exig\u00eancia, a de tr\u00eas discentes matriculados por equipe de Estrat\u00e9gia de Sa\u00fade da Fam\u00edlia (ESF).<\/p>\n<p>No decurso dessa pol\u00edtica, de imensur\u00e1veis riscos \u00e0 pr\u00e1tica m\u00e9dica, mais 2.355 vagas de cursos m\u00e9dicos foram autorizadas em 37 munic\u00edpios, com prazo at\u00e9 o final do ano de 2018 para entrarem em funcionamento, quando provavelmente passaremos a ter 308 escolas de medicina, mais do que o dobro das escolas nos Estados Unidos (145).<\/p>\n<p>Por outro lado, a Avalia\u00e7\u00e3o Nacional dos Estudantes de Medicina (Anasem), limitada ou restrita ao conhecimento do resultado obtido do pr\u00f3prio aluno e do Instituto Nacional de Estudos e Pesquisas Educacionais An\u00edsio Teixeira (Inep), sem quaisquer repercuss\u00f5es, tornou-se um processo inefetivo, posto que o egresso avaliado como insuficiente receber\u00e1 um diploma de m\u00e9dico, em absoluto paradoxo \u00e0 \u00e9tica da responsabilidade social.<\/p>\n<p>O ep\u00edlogo das pol\u00edticas de mais m\u00e9dicos, sem revalida\u00e7\u00e3o de diplomas ou com diplomas outorgados apesar do reconhecimento de insufici\u00eancia, n\u00e3o ser\u00e1 festivo, circense ou carnavalesco, mas tr\u00e1gico e emblem\u00e1tico da perda de reputa\u00e7\u00e3o dos m\u00e9dicos brasileiros e de irremedi\u00e1veis danos aos cidad\u00e3os da Na\u00e7\u00e3o.<\/p>\n","protected":false},"excerpt":{"rendered":"<p>fonte: CFM por Carlos Vital Tavares Corr\u00eaa Lima &#8211;\u00a0presidente do Conselho Federal de Medicina (CFM). A pol\u00edtica brasileira, no cen\u00e1rio das ilus\u00f5es, determinante de mais escolas de medicina no Pa\u00eds, \u00e9 realizada sem observa\u00e7\u00e3o das estruturas necess\u00e1rias \u00e0 qualidade do ensino. Apenas \u00e9 dirigida \u00e0s satisfa\u00e7\u00f5es dos interesses eleitorais nos munic\u00edpios interioranos e ao g\u00e1udio [&hellip;]<\/p>\n","protected":false},"author":1,"featured_media":0,"comment_status":"closed","ping_status":"open","sticky":false,"template":"","format":"standard","meta":{"ngg_post_thumbnail":0,"footnotes":""},"categories":[4],"tags":[],"class_list":["post-3348","post","type-post","status-publish","format-standard","hentry","category-artigos_cientificos"],"aioseo_notices":[],"gutentor_comment":0,"_links":{"self":[{"href":"https:\/\/sobedrj.com.br\/novo\/wp-json\/wp\/v2\/posts\/3348","targetHints":{"allow":["GET"]}}],"collection":[{"href":"https:\/\/sobedrj.com.br\/novo\/wp-json\/wp\/v2\/posts"}],"about":[{"href":"https:\/\/sobedrj.com.br\/novo\/wp-json\/wp\/v2\/types\/post"}],"author":[{"embeddable":true,"href":"https:\/\/sobedrj.com.br\/novo\/wp-json\/wp\/v2\/users\/1"}],"replies":[{"embeddable":true,"href":"https:\/\/sobedrj.com.br\/novo\/wp-json\/wp\/v2\/comments?post=3348"}],"version-history":[{"count":1,"href":"https:\/\/sobedrj.com.br\/novo\/wp-json\/wp\/v2\/posts\/3348\/revisions"}],"predecessor-version":[{"id":3349,"href":"https:\/\/sobedrj.com.br\/novo\/wp-json\/wp\/v2\/posts\/3348\/revisions\/3349"}],"wp:attachment":[{"href":"https:\/\/sobedrj.com.br\/novo\/wp-json\/wp\/v2\/media?parent=3348"}],"wp:term":[{"taxonomy":"category","embeddable":true,"href":"https:\/\/sobedrj.com.br\/novo\/wp-json\/wp\/v2\/categories?post=3348"},{"taxonomy":"post_tag","embeddable":true,"href":"https:\/\/sobedrj.com.br\/novo\/wp-json\/wp\/v2\/tags?post=3348"}],"curies":[{"name":"wp","href":"https:\/\/api.w.org\/{rel}","templated":true}]}}