{"id":3352,"date":"2017-03-13T19:28:03","date_gmt":"2017-03-13T19:28:03","guid":{"rendered":"http:\/\/sobedrj.com.br\/novo\/?p=3352"},"modified":"2017-03-16T11:37:22","modified_gmt":"2017-03-16T11:37:22","slug":"reuniao-cientifica-de-marco-ocorre-nesta-quarta-feira-no-humaita","status":"publish","type":"post","link":"https:\/\/sobedrj.com.br\/novo\/2017\/03\/13\/reuniao-cientifica-de-marco-ocorre-nesta-quarta-feira-no-humaita\/","title":{"rendered":"Reuni\u00e3o cient\u00edfica de mar\u00e7o ocorre nesta quarta-feira no Humait\u00e1"},"content":{"rendered":"<p>Associado SOBED-RJ, contamos com \u00a0sua presen\u00e7a na primeira reuni\u00e3o cient\u00edfica da entidade\u00a0em 2017 que ser\u00e1 realizada nesta quarta-feira,\u00a0dia 15, a partir das 19h, no audit\u00f3rio\u00a0da Casa de Sa\u00fade S\u00e3o Jos\u00e9, no Humait\u00e1.<\/p>\n<p>Confira a programa\u00e7\u00e3o:<\/p>\n<ul>\n<li>caso cl\u00ednico do Hospital Universit\u00e1rio Pedro Ernesto (HUPE\/UERJ);<\/li>\n<li>palestra\u00a0sobre <em>Dissec\u00e7\u00e3o endosc\u00f3pica de submucosa: indica\u00e7\u00f5es, t\u00e9cnicas e limites<\/em> com o <strong>Dr. Vitor Arantes<\/strong>, presidente da SOBED-MG, coordenador da se\u00e7\u00e3o de Endoscopia do Hospital das Cl\u00ednicas e Mater Dei Contorno e Professor Adjunto do Instituto Alfa de Gastroenterologia. A modera\u00e7\u00e3o ficar\u00e1 a cargo da Dra. Ana Zuccaro, chefe do Servi\u00e7o de Endoscopia Digestiva do Hospital Federal de Ipanema.<\/li>\n<\/ul>\n<p>A Casa de Sa\u00fade S\u00e3o Jos\u00e9 fica na Rua Macedo Sobrinho, 21.<\/p>\n<p><strong>SAIBA COMO CHEGAR<\/strong><\/p>\n<p style=\"text-align: center;\"><iframe loading=\"lazy\" src=\"https:\/\/www.google.com\/maps\/embed?pb=!1m12!1m8!1m3!1d7347.581728663119!2d-43.198713!3d-22.957928!3m2!1i1024!2i768!4f13.1!2m1!1sR.+Macedo+Sobrinho%2C+21+-+Humait%C3%A1+Rio+de+Janeiro+-+RJ+22271-080!5e0!3m2!1spt-BR!2sbr!4v1461694297747\" width=\"900\" height=\"400\" frameborder=\"0\" allowfullscreen=\"allowfullscreen\"><\/iframe><\/p>\n","protected":false},"excerpt":{"rendered":"<p>Associado SOBED-RJ, contamos com \u00a0sua presen\u00e7a na primeira reuni\u00e3o cient\u00edfica da entidade\u00a0em 2017 que ser\u00e1 realizada nesta quarta-feira,\u00a0dia 15, a partir das 19h, no audit\u00f3rio\u00a0da Casa de Sa\u00fade S\u00e3o Jos\u00e9, no Humait\u00e1. Confira a programa\u00e7\u00e3o: caso cl\u00ednico do Hospital Universit\u00e1rio Pedro Ernesto (HUPE\/UERJ); palestra\u00a0sobre Dissec\u00e7\u00e3o endosc\u00f3pica de submucosa: indica\u00e7\u00f5es, t\u00e9cnicas e limites com o Dr. [&hellip;]<\/p>\n","protected":false},"author":1,"featured_media":3173,"comment_status":"closed","ping_status":"open","sticky":false,"template":"","format":"standard","meta":{"ngg_post_thumbnail":0,"footnotes":""},"categories":[2],"tags":[],"class_list":["post-3352","post","type-post","status-publish","format-standard","has-post-thumbnail","hentry","category-noticias"],"aioseo_notices":[],"gutentor_comment":0,"_links":{"self":[{"href":"https:\/\/sobedrj.com.br\/novo\/wp-json\/wp\/v2\/posts\/3352","targetHints":{"allow":["GET"]}}],"collection":[{"href":"https:\/\/sobedrj.com.br\/novo\/wp-json\/wp\/v2\/posts"}],"about":[{"href":"https:\/\/sobedrj.com.br\/novo\/wp-json\/wp\/v2\/types\/post"}],"author":[{"embeddable":true,"href":"https:\/\/sobedrj.com.br\/novo\/wp-json\/wp\/v2\/users\/1"}],"replies":[{"embeddable":true,"href":"https:\/\/sobedrj.com.br\/novo\/wp-json\/wp\/v2\/comments?post=3352"}],"version-history":[{"count":1,"href":"https:\/\/sobedrj.com.br\/novo\/wp-json\/wp\/v2\/posts\/3352\/revisions"}],"predecessor-version":[{"id":3353,"href":"https:\/\/sobedrj.com.br\/novo\/wp-json\/wp\/v2\/posts\/3352\/revisions\/3353"}],"wp:featuredmedia":[{"embeddable":true,"href":"https:\/\/sobedrj.com.br\/novo\/wp-json\/wp\/v2\/media\/3173"}],"wp:attachment":[{"href":"https:\/\/sobedrj.com.br\/novo\/wp-json\/wp\/v2\/media?parent=3352"}],"wp:term":[{"taxonomy":"category","embeddable":true,"href":"https:\/\/sobedrj.com.br\/novo\/wp-json\/wp\/v2\/categories?post=3352"},{"taxonomy":"post_tag","embeddable":true,"href":"https:\/\/sobedrj.com.br\/novo\/wp-json\/wp\/v2\/tags?post=3352"}],"curies":[{"name":"wp","href":"https:\/\/api.w.org\/{rel}","templated":true}]}}