{"id":3362,"date":"2017-03-16T15:02:07","date_gmt":"2017-03-16T15:02:07","guid":{"rendered":"http:\/\/sobedrj.com.br\/novo\/?p=3362"},"modified":"2017-03-27T10:53:51","modified_gmt":"2017-03-27T10:53:51","slug":"saiba-como-foi-a-reuniao-cientifica-de-marco","status":"publish","type":"post","link":"https:\/\/sobedrj.com.br\/novo\/2017\/03\/16\/saiba-como-foi-a-reuniao-cientifica-de-marco\/","title":{"rendered":"Saiba como foi a reuni\u00e3o cient\u00edfica de mar\u00e7o"},"content":{"rendered":"<p>Cerca de 40 pessoas compareceram \u00e0 primeira reuni\u00e3o cient\u00edfica de 2017 da SOBED-RJ, realizada na noite desta quarta-feira, dia 15, no audit\u00f3rio da Casa de Sa\u00fade S\u00e3o Jos\u00e9, no Humait\u00e1.<\/p>\n<p>O evento teve in\u00edcio com a Dra. Elizabeth Castro, presidente da sociedade, dando \u00e0s boas-vindas aos presentes e chamando ao palco o palestrante convidado da noite, o Dr. Vitor Arantes, presidente da SOBED-MG. A apresenta\u00e7\u00e3o<span class=\"apple-converted-space\">\u00a0<\/span>teve dura\u00e7\u00e3o de cerca de 40 minutos e abordou o\u00a0tema\u00a0<em><span style=\"font-family: 'Georgia','serif';\">Dissec\u00e7\u00e3o endosc\u00f3pica de submucosa: indica\u00e7\u00f5es, t\u00e9cnicas e limites.<\/span><\/em><span class=\"apple-converted-space\"><i>\u00a0<\/i><\/span>Logo ap\u00f3s, a moderadora da palestra, Dra. Ana Zuccaro,\u00a0chefe do Servi\u00e7o de Endoscopia Digestiva do Hospital Federal de Ipanema, agradeceu a presen\u00e7a do palestrante e falou sobre a import\u00e2ncia do tema tratado, abrindo em seguida para perguntas da plateia.<\/p>\n<p>Ap\u00f3s um breve debate entre os presentes sobre a palestra do Dr. Vitor, foi a vez do Dr. Felipe Mota Mendon\u00e7a, do Hospital Universit\u00e1rio Pedro Ernesto (HUPE\/UERJ), apresentar dois casos cl\u00ednicos do servi\u00e7o de Endoscopia do hospital.<\/p>\n<p>A pr\u00f3xima reuni\u00e3o cient\u00edfica da SOBED-RJ ocorre no dia 5 de abril (quarta-feira),\u00a0no mesmo local, a partir das 19h, e contar\u00e1 com:<\/p>\n<ul>\n<li>caso cl\u00ednico do Hospital Federal de Ipanema;<\/li>\n<\/ul>\n<ul>\n<li>palestra sobre <em>Endopr\u00f3teses no trato digest\u00f3rio alto. Indica\u00e7\u00f5es e resultados nas doen\u00e7as malignas, benignas e complica\u00e7\u00f5es p\u00f3s-operat\u00f3rias<\/em>\u00a0com o <strong>Dr.\u00a0\u00c2ngelo Paulo Ferrari Junior<\/strong>.<\/li>\n<\/ul>\n<p>N\u00e3o perca! Contamos com sua presen\u00e7a, associado.<\/p>\n<p><strong>VEJA AS FOTOS<\/strong><\/p>\n\n\t\t<div id='gallery-1' class='gallery galleryid-3362 gallery-columns-3 gallery-size-thumbnail gallery1'><script type=\"text\/javascript\">\r\n\/\/ <![CDATA[\r\n\tjQuery(document).ready(function () {\r\n\t\tjQuery(\".gallery1 a\").attr(\"rel\",\"gallery1\");\t\r\n\t\tjQuery('a[rel=\"gallery1\"]').colorbox({maxWidth:\"95%\", maxHeight:\"95%\",title: function(){ return jQuery(this).children().attr(\"alt\"); }, });\r\n\t});\r\n\/\/ ]]>\r\n<\/script>\n<figure class=\"gallery-item\">\n<div class=\"gallery-icon\">\r\n<a href=\"https:\/\/sobedrj.com.br\/novo\/wp-content\/uploads\/2017\/03\/reuniao_mar_2017-1.jpg\" title=\"\"  rel=\"lightbox[3362] gallery1\"><img loading=\"lazy\" decoding=\"async\" src=\"https:\/\/sobedrj.com.br\/novo\/wp-content\/uploads\/2017\/03\/reuniao_mar_2017-1-150x150.jpg\" width=\"150\" height=\"150\" alt=\"\" \/><\/a>\r\n<\/div><\/figure><figure class=\"gallery-item\">\n<div class=\"gallery-icon\">\r\n<a href=\"https:\/\/sobedrj.com.br\/novo\/wp-content\/uploads\/2017\/03\/reuniao_mar_2017-2.jpg\" title=\"\"  rel=\"lightbox[3362] gallery1\"><img loading=\"lazy\" decoding=\"async\" src=\"https:\/\/sobedrj.com.br\/novo\/wp-content\/uploads\/2017\/03\/reuniao_mar_2017-2-150x150.jpg\" width=\"150\" height=\"150\" alt=\"\" \/><\/a>\r\n<\/div><\/figure><figure class=\"gallery-item\">\n<div class=\"gallery-icon\">\r\n<a href=\"https:\/\/sobedrj.com.br\/novo\/wp-content\/uploads\/2017\/03\/reuniao_mar_2017-3.jpg\" title=\"\"  rel=\"lightbox[3362] gallery1\"><img loading=\"lazy\" decoding=\"async\" src=\"https:\/\/sobedrj.com.br\/novo\/wp-content\/uploads\/2017\/03\/reuniao_mar_2017-3-150x150.jpg\" width=\"150\" height=\"150\" alt=\"\" \/><\/a>\r\n<\/div><\/figure><figure class=\"gallery-item\">\n<div class=\"gallery-icon\">\r\n<a href=\"https:\/\/sobedrj.com.br\/novo\/wp-content\/uploads\/2017\/03\/reuniao_mar_2017-4.jpg\" title=\"\"  rel=\"lightbox[3362] gallery1\"><img loading=\"lazy\" decoding=\"async\" src=\"https:\/\/sobedrj.com.br\/novo\/wp-content\/uploads\/2017\/03\/reuniao_mar_2017-4-150x150.jpg\" width=\"150\" height=\"150\" alt=\"\" \/><\/a>\r\n<\/div><\/figure><figure class=\"gallery-item\">\n<div class=\"gallery-icon\">\r\n<a href=\"https:\/\/sobedrj.com.br\/novo\/wp-content\/uploads\/2017\/03\/reuniao_mar_2017-5.jpg\" title=\"\"  rel=\"lightbox[3362] gallery1\"><img loading=\"lazy\" decoding=\"async\" src=\"https:\/\/sobedrj.com.br\/novo\/wp-content\/uploads\/2017\/03\/reuniao_mar_2017-5-150x150.jpg\" width=\"150\" height=\"150\" alt=\"\" \/><\/a>\r\n<\/div><\/figure><figure class=\"gallery-item\">\n<div class=\"gallery-icon\">\r\n<a href=\"https:\/\/sobedrj.com.br\/novo\/wp-content\/uploads\/2017\/03\/reuniao_mar_2017-6.jpg\" title=\"\"  rel=\"lightbox[3362] gallery1\"><img loading=\"lazy\" decoding=\"async\" src=\"https:\/\/sobedrj.com.br\/novo\/wp-content\/uploads\/2017\/03\/reuniao_mar_2017-6-150x150.jpg\" width=\"150\" height=\"150\" alt=\"\" \/><\/a>\r\n<\/div><\/figure><figure class=\"gallery-item\">\n<div class=\"gallery-icon\">\r\n<a href=\"https:\/\/sobedrj.com.br\/novo\/wp-content\/uploads\/2017\/03\/reuniao_mar_2017-7.jpg\" title=\"\"  rel=\"lightbox[3362] gallery1\"><img loading=\"lazy\" decoding=\"async\" src=\"https:\/\/sobedrj.com.br\/novo\/wp-content\/uploads\/2017\/03\/reuniao_mar_2017-7-150x150.jpg\" width=\"150\" height=\"150\" alt=\"\" \/><\/a>\r\n<\/div><\/figure><figure class=\"gallery-item\">\n<div class=\"gallery-icon\">\r\n<a href=\"https:\/\/sobedrj.com.br\/novo\/wp-content\/uploads\/2017\/03\/reuniao_mar_2017-8.jpg\" title=\"\"  rel=\"lightbox[3362] gallery1\"><img loading=\"lazy\" decoding=\"async\" src=\"https:\/\/sobedrj.com.br\/novo\/wp-content\/uploads\/2017\/03\/reuniao_mar_2017-8-150x150.jpg\" width=\"150\" height=\"150\" alt=\"\" \/><\/a>\r\n<\/div><\/figure><figure class=\"gallery-item\">\n<div class=\"gallery-icon\">\r\n<a href=\"https:\/\/sobedrj.com.br\/novo\/wp-content\/uploads\/2017\/03\/reuniao_mar_2017-9.jpg\" title=\"\"  rel=\"lightbox[3362] gallery1\"><img loading=\"lazy\" decoding=\"async\" src=\"https:\/\/sobedrj.com.br\/novo\/wp-content\/uploads\/2017\/03\/reuniao_mar_2017-9-150x150.jpg\" width=\"150\" height=\"150\" alt=\"\" \/><\/a>\r\n<\/div><\/figure>\r\n\t\t<\/div>\n\n","protected":false},"excerpt":{"rendered":"<p>Cerca de 40 pessoas compareceram \u00e0 primeira reuni\u00e3o cient\u00edfica de 2017 da SOBED-RJ, realizada na noite desta quarta-feira, dia 15, no audit\u00f3rio da Casa de Sa\u00fade S\u00e3o Jos\u00e9, no Humait\u00e1. O evento teve in\u00edcio com a Dra. Elizabeth Castro, presidente da sociedade, dando \u00e0s boas-vindas aos presentes e chamando ao palco o palestrante convidado da [&hellip;]<\/p>\n","protected":false},"author":1,"featured_media":3366,"comment_status":"closed","ping_status":"open","sticky":false,"template":"","format":"standard","meta":{"ngg_post_thumbnail":0,"footnotes":""},"categories":[2],"tags":[],"class_list":["post-3362","post","type-post","status-publish","format-standard","has-post-thumbnail","hentry","category-noticias"],"aioseo_notices":[],"gutentor_comment":0,"_links":{"self":[{"href":"https:\/\/sobedrj.com.br\/novo\/wp-json\/wp\/v2\/posts\/3362","targetHints":{"allow":["GET"]}}],"collection":[{"href":"https:\/\/sobedrj.com.br\/novo\/wp-json\/wp\/v2\/posts"}],"about":[{"href":"https:\/\/sobedrj.com.br\/novo\/wp-json\/wp\/v2\/types\/post"}],"author":[{"embeddable":true,"href":"https:\/\/sobedrj.com.br\/novo\/wp-json\/wp\/v2\/users\/1"}],"replies":[{"embeddable":true,"href":"https:\/\/sobedrj.com.br\/novo\/wp-json\/wp\/v2\/comments?post=3362"}],"version-history":[{"count":2,"href":"https:\/\/sobedrj.com.br\/novo\/wp-json\/wp\/v2\/posts\/3362\/revisions"}],"predecessor-version":[{"id":3375,"href":"https:\/\/sobedrj.com.br\/novo\/wp-json\/wp\/v2\/posts\/3362\/revisions\/3375"}],"wp:featuredmedia":[{"embeddable":true,"href":"https:\/\/sobedrj.com.br\/novo\/wp-json\/wp\/v2\/media\/3366"}],"wp:attachment":[{"href":"https:\/\/sobedrj.com.br\/novo\/wp-json\/wp\/v2\/media?parent=3362"}],"wp:term":[{"taxonomy":"category","embeddable":true,"href":"https:\/\/sobedrj.com.br\/novo\/wp-json\/wp\/v2\/categories?post=3362"},{"taxonomy":"post_tag","embeddable":true,"href":"https:\/\/sobedrj.com.br\/novo\/wp-json\/wp\/v2\/tags?post=3362"}],"curies":[{"name":"wp","href":"https:\/\/api.w.org\/{rel}","templated":true}]}}