{"id":3373,"date":"2017-03-16T15:03:33","date_gmt":"2017-03-16T15:03:33","guid":{"rendered":"http:\/\/sobedrj.com.br\/novo\/?p=3373"},"modified":"2017-04-04T14:31:51","modified_gmt":"2017-04-04T14:31:51","slug":"reuniao-cientifica-de-abril-ocorre-no-dia-5-e-tera-palestra-com-o-dr-angelo-ferrari","status":"publish","type":"post","link":"https:\/\/sobedrj.com.br\/novo\/2017\/03\/16\/reuniao-cientifica-de-abril-ocorre-no-dia-5-e-tera-palestra-com-o-dr-angelo-ferrari\/","title":{"rendered":"Reuni\u00e3o cient\u00edfica de abril ocorre no dia 5 e ter\u00e1 palestra com o Dr. \u00c2ngelo Ferrari"},"content":{"rendered":"<p>Associados SOBED-RJ j\u00e1 podem se programar para a reuni\u00e3o cient\u00edfica de abril da entidade, que ocorrer\u00e1 no dia 5, quarta-feira, a partir das 19h, no audit\u00f3rio da Casa de Sa\u00fade S\u00e3o Jos\u00e9, no Humait\u00e1.<\/p>\n<p>O palestrante convidado da noite ser\u00e1 o <strong>Dr.\u00a0\u00c2ngelo Paulo Ferrari Junior,<\/strong> livre docente da disciplina de Gastroenterologia da EPM-UNIFESP e m\u00e9dico endoscopista\u00a0do Hospital Albert Einstein.<\/p>\n<p>Confira a programa\u00e7\u00e3o:<\/p>\n<ul>\n<li>caso cl\u00ednico do Hospital Federal de Ipanema;<\/li>\n<\/ul>\n<ul>\n<li>palestra sobre <em>Endopr\u00f3teses no trato digest\u00f3rio alto. Indica\u00e7\u00f5es e resultados nas doen\u00e7as malignas, benignas e complica\u00e7\u00f5es p\u00f3s-operat\u00f3rias<\/em>\u00a0com o <strong>Dr.\u00a0\u00c2ngelo Paulo Ferrari Junior<\/strong>.<\/li>\n<\/ul>\n<p>Contamos com sua presen\u00e7a. A Casa de Sa\u00fade S\u00e3o Jos\u00e9 fica na Rua Macedo Sobrinho, 21.<\/p>\n<p><strong>SAIBA COMO CHEGAR<\/strong><\/p>\n<p style=\"text-align: center;\"><iframe loading=\"lazy\" src=\"https:\/\/www.google.com\/maps\/embed?pb=!1m12!1m8!1m3!1d7347.581728663119!2d-43.198713!3d-22.957928!3m2!1i1024!2i768!4f13.1!2m1!1sR.+Macedo+Sobrinho%2C+21+-+Humait%C3%A1+Rio+de+Janeiro+-+RJ+22271-080!5e0!3m2!1spt-BR!2sbr!4v1461694297747\" width=\"900\" height=\"400\" frameborder=\"0\" allowfullscreen=\"allowfullscreen\"><\/iframe><\/p>\n","protected":false},"excerpt":{"rendered":"<p>Associados SOBED-RJ j\u00e1 podem se programar para a reuni\u00e3o cient\u00edfica de abril da entidade, que ocorrer\u00e1 no dia 5, quarta-feira, a partir das 19h, no audit\u00f3rio da Casa de Sa\u00fade S\u00e3o Jos\u00e9, no Humait\u00e1. O palestrante convidado da noite ser\u00e1 o Dr.\u00a0\u00c2ngelo Paulo Ferrari Junior, livre docente da disciplina de Gastroenterologia da EPM-UNIFESP e m\u00e9dico [&hellip;]<\/p>\n","protected":false},"author":1,"featured_media":0,"comment_status":"closed","ping_status":"open","sticky":false,"template":"","format":"standard","meta":{"ngg_post_thumbnail":0,"footnotes":""},"categories":[2],"tags":[],"class_list":["post-3373","post","type-post","status-publish","format-standard","hentry","category-noticias"],"aioseo_notices":[],"gutentor_comment":0,"_links":{"self":[{"href":"https:\/\/sobedrj.com.br\/novo\/wp-json\/wp\/v2\/posts\/3373","targetHints":{"allow":["GET"]}}],"collection":[{"href":"https:\/\/sobedrj.com.br\/novo\/wp-json\/wp\/v2\/posts"}],"about":[{"href":"https:\/\/sobedrj.com.br\/novo\/wp-json\/wp\/v2\/types\/post"}],"author":[{"embeddable":true,"href":"https:\/\/sobedrj.com.br\/novo\/wp-json\/wp\/v2\/users\/1"}],"replies":[{"embeddable":true,"href":"https:\/\/sobedrj.com.br\/novo\/wp-json\/wp\/v2\/comments?post=3373"}],"version-history":[{"count":1,"href":"https:\/\/sobedrj.com.br\/novo\/wp-json\/wp\/v2\/posts\/3373\/revisions"}],"predecessor-version":[{"id":3374,"href":"https:\/\/sobedrj.com.br\/novo\/wp-json\/wp\/v2\/posts\/3373\/revisions\/3374"}],"wp:attachment":[{"href":"https:\/\/sobedrj.com.br\/novo\/wp-json\/wp\/v2\/media?parent=3373"}],"wp:term":[{"taxonomy":"category","embeddable":true,"href":"https:\/\/sobedrj.com.br\/novo\/wp-json\/wp\/v2\/categories?post=3373"},{"taxonomy":"post_tag","embeddable":true,"href":"https:\/\/sobedrj.com.br\/novo\/wp-json\/wp\/v2\/tags?post=3373"}],"curies":[{"name":"wp","href":"https:\/\/api.w.org\/{rel}","templated":true}]}}