{"id":3389,"date":"2017-03-20T13:58:14","date_gmt":"2017-03-20T13:58:14","guid":{"rendered":"http:\/\/sobedrj.com.br\/novo\/?p=3389"},"modified":"2017-03-21T21:58:20","modified_gmt":"2017-03-21T21:58:20","slug":"cfm-rebate-declaracoes-do-ministro-da-saude-contra-medicos-brasileiros","status":"publish","type":"post","link":"https:\/\/sobedrj.com.br\/novo\/2017\/03\/20\/cfm-rebate-declaracoes-do-ministro-da-saude-contra-medicos-brasileiros\/","title":{"rendered":"CFM rebate declara\u00e7\u00f5es do Ministro da Sa\u00fade contra m\u00e9dicos brasileiros"},"content":{"rendered":"<p>fonte: CFM<\/p>\n<p>O Conselho Federal de Medicina (CFM) rebateu nesta quarta-feira (15) as declara\u00e7\u00f5es do ministro da Sa\u00fade, Ricardo Barros, que, em discurso na C\u00e2mara Municipal de Curitiba (PR), criticou a forma de atua\u00e7\u00e3o dos m\u00e9dicos brasileiros.<\/p>\n<p>Em nota divulgada \u00e0 imprensa, o CFM afirma que essa postura revela desconhecimento da dedica\u00e7\u00e3o dos m\u00e9dicos brasileiros na assist\u00eancia \u00e0 popula\u00e7\u00e3o no \u00e2mbito do Sistema \u00danico de Sa\u00fade (SUS) e ignora os esfor\u00e7os dispendidos por estes profissionais, principalmente nos servi\u00e7os de urg\u00eancia e emerg\u00eancia.<\/p>\n<p>O CFM ainda enfatiza que &#8220;o compromisso dos m\u00e9dicos com a sa\u00fade p\u00fablica \u00e9 reconhecido em pesquisa recente do Datafolha que coloca o m\u00e9dico como o profissional de maior confian\u00e7a e credibilidade entre os brasileiros&#8221;.<\/p>\n<p><em>CONFIRA A \u00cdNTEGRA DA NOTA \u00c0 SOCIEDADE:<\/em><\/p>\n<p><strong>Rep\u00fadio \u00e0 declara\u00e7\u00e3o do ministro Ricardo Barros<\/strong><\/p>\n<p>O Conselho Federal de Medicina (CFM) repudia e lamenta a declara\u00e7\u00e3o atribu\u00edda ao Ministro da Sa\u00fade, Ricardo Barros, publicada nesta quarta-feira (15), na qual desqualifica o trabalho realizado pelos m\u00e9dicos brasileiros.<\/p>\n<p>Trata-se de manifesta\u00e7\u00e3o impertinente, que mostra desconhecimento da dedica\u00e7\u00e3o dos m\u00e9dicos brasileiros na assist\u00eancia \u00e0 popula\u00e7\u00e3o no \u00e2mbito do Sistema \u00danico de Sa\u00fade (SUS), nos diferentes n\u00edveis de aten\u00e7\u00e3o (baixa, m\u00e9dia e alta complexidade), muitas vezes sem contar com adequadas condi\u00e7\u00f5es de atendimento nos servi\u00e7os p\u00fablicos.<\/p>\n<p>Ao afirmar que o m\u00e9dico brasileiro n\u00e3o demonstra disposi\u00e7\u00e3o para o trabalho, o Ministro da Sa\u00fade ignora os esfor\u00e7os dispendidos por estes profissionais, principalmente nos servi\u00e7os de urg\u00eancia e emerg\u00eancia.<\/p>\n<p>O compromisso dos m\u00e9dicos com a sa\u00fade p\u00fablica \u00e9 reconhecido em pesquisa recente do Datafolha que coloca o m\u00e9dico como o profissional de maior confian\u00e7a e credibilidade entre os brasileiros.<\/p>\n<p>Como a citada pesquisa revela, a popula\u00e7\u00e3o sabe que, entre outros pontos, as faltas de infraestrutura nos hospitais e nos postos de sa\u00fade, bem como de uma boa gest\u00e3o, impedem a obten\u00e7\u00e3o de melhores resultados.<\/p>\n<p>Cabe ao Ministro Ricardo Barros a responsabilidade pela gest\u00e3o da sa\u00fade p\u00fablica como elemento fundamental aos direitos humanos, que n\u00e3o est\u00e3o subordinados \u00e0s leis de mercado e que exigem disponibilidade de meios ordin\u00e1rios imprescind\u00edveis ao Princ\u00edpio Constitucional do M\u00ednimo Existencial.<\/p>\n<p>Bras\u00edlia, 15 de mar\u00e7o de 2017.<\/p>\n<p style=\"text-align: center;\"><strong>CONSELHO FEDERAL DE MEDICINA<\/strong><\/p>\n","protected":false},"excerpt":{"rendered":"<p>fonte: CFM O Conselho Federal de Medicina (CFM) rebateu nesta quarta-feira (15) as declara\u00e7\u00f5es do ministro da Sa\u00fade, Ricardo Barros, que, em discurso na C\u00e2mara Municipal de Curitiba (PR), criticou a forma de atua\u00e7\u00e3o dos m\u00e9dicos brasileiros. Em nota divulgada \u00e0 imprensa, o CFM afirma que essa postura revela desconhecimento da dedica\u00e7\u00e3o dos m\u00e9dicos brasileiros [&hellip;]<\/p>\n","protected":false},"author":1,"featured_media":831,"comment_status":"closed","ping_status":"open","sticky":false,"template":"","format":"standard","meta":{"ngg_post_thumbnail":0,"footnotes":""},"categories":[2],"tags":[],"class_list":["post-3389","post","type-post","status-publish","format-standard","has-post-thumbnail","hentry","category-noticias"],"aioseo_notices":[],"gutentor_comment":0,"_links":{"self":[{"href":"https:\/\/sobedrj.com.br\/novo\/wp-json\/wp\/v2\/posts\/3389","targetHints":{"allow":["GET"]}}],"collection":[{"href":"https:\/\/sobedrj.com.br\/novo\/wp-json\/wp\/v2\/posts"}],"about":[{"href":"https:\/\/sobedrj.com.br\/novo\/wp-json\/wp\/v2\/types\/post"}],"author":[{"embeddable":true,"href":"https:\/\/sobedrj.com.br\/novo\/wp-json\/wp\/v2\/users\/1"}],"replies":[{"embeddable":true,"href":"https:\/\/sobedrj.com.br\/novo\/wp-json\/wp\/v2\/comments?post=3389"}],"version-history":[{"count":1,"href":"https:\/\/sobedrj.com.br\/novo\/wp-json\/wp\/v2\/posts\/3389\/revisions"}],"predecessor-version":[{"id":3390,"href":"https:\/\/sobedrj.com.br\/novo\/wp-json\/wp\/v2\/posts\/3389\/revisions\/3390"}],"wp:featuredmedia":[{"embeddable":true,"href":"https:\/\/sobedrj.com.br\/novo\/wp-json\/wp\/v2\/media\/831"}],"wp:attachment":[{"href":"https:\/\/sobedrj.com.br\/novo\/wp-json\/wp\/v2\/media?parent=3389"}],"wp:term":[{"taxonomy":"category","embeddable":true,"href":"https:\/\/sobedrj.com.br\/novo\/wp-json\/wp\/v2\/categories?post=3389"},{"taxonomy":"post_tag","embeddable":true,"href":"https:\/\/sobedrj.com.br\/novo\/wp-json\/wp\/v2\/tags?post=3389"}],"curies":[{"name":"wp","href":"https:\/\/api.w.org\/{rel}","templated":true}]}}