{"id":3395,"date":"2017-03-20T19:41:23","date_gmt":"2017-03-20T19:41:23","guid":{"rendered":"http:\/\/sobedrj.com.br\/novo\/?p=3395"},"modified":"2017-03-27T10:53:38","modified_gmt":"2017-03-27T10:53:38","slug":"sobed-rj-participa-de-simposio-de-associacao-de-gastroenterologia-do-rio-de-janeiro","status":"publish","type":"post","link":"https:\/\/sobedrj.com.br\/novo\/2017\/03\/20\/sobed-rj-participa-de-simposio-de-associacao-de-gastroenterologia-do-rio-de-janeiro\/","title":{"rendered":"ERRATA: SOBED-RJ participa de simp\u00f3sio de Associa\u00e7\u00e3o de Gastroenterologia do Rio de Janeiro"},"content":{"rendered":"<p>O I Simp\u00f3sio de Atualiza\u00e7\u00e3o da Associa\u00e7\u00e3o de Gastroenterologia do Rio de Janeiro em 2017 foi realizado na manh\u00e3 deste s\u00e1bado, dia 18, no hotel Windsor Excelsior, em Copacabana, e contou com a participa\u00e7\u00e3o de diretores e ex-diretores da SOBED-RJ atrav\u00e9s de apresenta\u00e7\u00f5es do Dr. Ronaldo Taam, ex-presidente da sociedade, da Dr\u00aa Ana Zuccaro, ex-presidente e atual vice-presidente, e dos Drs. Alexandre Pelosi e Felipe Mota, integrantes da comiss\u00e3o cient\u00edfica.<\/p>\n<p>Em sua participa\u00e7\u00e3o, Dr\u00aa Ana Zuccaro agradeceu o convite da diretoria da AGRJ e mencionou a import\u00e2ncia de eventos conjuntos da Endoscopia com a Gastroenterologia, assim como tamb\u00e9m com\u00a0outras especialidades.<\/p>\n<p>O evento contou com apresenta\u00e7\u00f5es de casos cl\u00ednicos abordando os temas\u00a0<em>Es\u00f4fago de Barrett,<\/em>\u00a0<em>Sangramento Digestivo Oculto,\u00a0Manejo das Displasias de C\u00f3lon na DII e\u00a0Estenose de Wirsung<\/em>. Todos eles tiveram a vers\u00e3o do gastroenterologista cl\u00ednico e do endoscopia.<\/p>\n<p>Al\u00e9m disso, tamb\u00e9m teve uma sess\u00e3o com perguntas e respostas \u00a0<em>A cl\u00ednica e a endoscopia no dia a dia do consult\u00f3rio.<\/em><\/p>\n","protected":false},"excerpt":{"rendered":"<p>O I Simp\u00f3sio de Atualiza\u00e7\u00e3o da Associa\u00e7\u00e3o de Gastroenterologia do Rio de Janeiro em 2017 foi realizado na manh\u00e3 deste s\u00e1bado, dia 18, no hotel Windsor Excelsior, em Copacabana, e contou com a participa\u00e7\u00e3o de diretores e ex-diretores da SOBED-RJ atrav\u00e9s de apresenta\u00e7\u00f5es do Dr. Ronaldo Taam, ex-presidente da sociedade, da Dr\u00aa Ana Zuccaro, ex-presidente [&hellip;]<\/p>\n","protected":false},"author":1,"featured_media":3396,"comment_status":"closed","ping_status":"open","sticky":false,"template":"","format":"standard","meta":{"ngg_post_thumbnail":0,"footnotes":""},"categories":[2],"tags":[],"class_list":["post-3395","post","type-post","status-publish","format-standard","has-post-thumbnail","hentry","category-noticias"],"aioseo_notices":[],"gutentor_comment":0,"_links":{"self":[{"href":"https:\/\/sobedrj.com.br\/novo\/wp-json\/wp\/v2\/posts\/3395","targetHints":{"allow":["GET"]}}],"collection":[{"href":"https:\/\/sobedrj.com.br\/novo\/wp-json\/wp\/v2\/posts"}],"about":[{"href":"https:\/\/sobedrj.com.br\/novo\/wp-json\/wp\/v2\/types\/post"}],"author":[{"embeddable":true,"href":"https:\/\/sobedrj.com.br\/novo\/wp-json\/wp\/v2\/users\/1"}],"replies":[{"embeddable":true,"href":"https:\/\/sobedrj.com.br\/novo\/wp-json\/wp\/v2\/comments?post=3395"}],"version-history":[{"count":4,"href":"https:\/\/sobedrj.com.br\/novo\/wp-json\/wp\/v2\/posts\/3395\/revisions"}],"predecessor-version":[{"id":3406,"href":"https:\/\/sobedrj.com.br\/novo\/wp-json\/wp\/v2\/posts\/3395\/revisions\/3406"}],"wp:featuredmedia":[{"embeddable":true,"href":"https:\/\/sobedrj.com.br\/novo\/wp-json\/wp\/v2\/media\/3396"}],"wp:attachment":[{"href":"https:\/\/sobedrj.com.br\/novo\/wp-json\/wp\/v2\/media?parent=3395"}],"wp:term":[{"taxonomy":"category","embeddable":true,"href":"https:\/\/sobedrj.com.br\/novo\/wp-json\/wp\/v2\/categories?post=3395"},{"taxonomy":"post_tag","embeddable":true,"href":"https:\/\/sobedrj.com.br\/novo\/wp-json\/wp\/v2\/tags?post=3395"}],"curies":[{"name":"wp","href":"https:\/\/api.w.org\/{rel}","templated":true}]}}