{"id":3443,"date":"2017-04-03T13:04:36","date_gmt":"2017-04-03T13:04:36","guid":{"rendered":"http:\/\/sobedrj.com.br\/novo\/?p=3443"},"modified":"2017-04-04T14:28:12","modified_gmt":"2017-04-04T14:28:12","slug":"mercado-de-trabalho-mais-medicos-e-carreira-de-estado","status":"publish","type":"post","link":"https:\/\/sobedrj.com.br\/novo\/2017\/04\/03\/mercado-de-trabalho-mais-medicos-e-carreira-de-estado\/","title":{"rendered":"Mercado de trabalho, Mais M\u00e9dicos e Carreira de Estado"},"content":{"rendered":"<p>fonte: CFM<\/p>\n<p>por<em>\u00a0Rog\u00e9rio Wolf de Aguiar \u00a0&#8211;\u00a01\u00ba secret\u00e1rio do Conselho Regional de Medicina do Estado do Rio Grande do Sul (Cremers).<\/em><\/p>\n<p>Com aproximadamente 20 mil m\u00e9dicos ingressando no mercado de trabalho a cada ano (em torno de mil no Rio Grande do Sul), \u00e9 muito positiva a iniciativa do governo em ampliar a presen\u00e7a de m\u00e9dicos brasileiros \u2013 especialmente os formados no pa\u00eds \u2013 no pol\u00eamico programa federal.<\/p>\n<p>Nesses tempos de corte de recursos para a sa\u00fade, que afeta diretamente os hospitais e a gera\u00e7\u00e3o de empregos no setor, o Mais M\u00e9dicos \u00e9 um novo mercado que se descortina. A remunera\u00e7\u00e3o, que a partir de janeiro\/2017 ir\u00e1 passar para R$ 11,5 mil mensais, mais um b\u00f4nus de R$ 2.750 e outras vantagens, se torna atraente, em especial aos jovens m\u00e9dicos.<\/p>\n<p>Por enquanto, a realidade que o m\u00e9dico encontra ao buscar seu espa\u00e7o n\u00e3o \u00e9 das mais alentadoras. Em algumas regi\u00f5es do pa\u00eds chega a ser preocupante, assustadora mesmo. S\u00e3o comuns os contratos prec\u00e1rios ou mesmo acordos verbais, a venda de plant\u00f5es e, em boa parte dos casos, remunera\u00e7\u00e3o aviltante, incompat\u00edvel com a dimens\u00e3o e a responsabilidade do seu trabalho.<\/p>\n<p>Tudo isso n\u00e3o \u00e9 de hoje. Tem origem na abertura desenfreada de escolas m\u00e9dicas, principalmente privadas. Pol\u00edtica estimulada por governos pouco preocupados com a qualidade do ensino e da forma\u00e7\u00e3o dos profissionais. Os n\u00fameros s\u00e3o eloquentes: desde o ano 2000 at\u00e9 agora, foram abertas 168 faculdades para um total de 271. Esse dado aponta claramente um projeto irrespons\u00e1vel de mercantiliza\u00e7\u00e3o cada vez mais acentuada do ensino m\u00e9dico.<\/p>\n<p>A pr\u00f3pria Medida Provis\u00f3ria 621, de 8 de julho de 2013, que posteriormente se tornou a Lei 12.781\/2013, n\u00e3o ficou restrita \u00e0 importa\u00e7\u00e3o de profissionais para trabalhar no programa. A Lei avan\u00e7ou para refor\u00e7ar o projeto de abrir cursos de medicina sem sustentabilidade garantida (\u00e1reas de est\u00e1gio, resid\u00eancia m\u00e9dica qualificada, professores, bibliotecas, etc.).<\/p>\n<p>Em julho do ano passado, o governo anunciou o resultado do primeiro edital para abertura de vagas de cursos de gradua\u00e7\u00e3o de medicina em institui\u00e7\u00f5es privadas de ensino superior no \u00e2mbito do Mais M\u00e9dicos. Nessa sele\u00e7\u00e3o foi autorizada a cria\u00e7\u00e3o de 2.290 vagas em cursos de medicina em 36 munic\u00edpios, quatro no Rio Grande do Sul. A meta dos idealizadores do programa \u2013 e que vai de encontro \u00e0 luta das entidades m\u00e9dicas \u2013 \u00e9 criar 11.447 novas vagas de cursos de gradua\u00e7\u00e3o em medicina at\u00e9 2018.<\/p>\n<p>Infelizmente, o programa, que ao ser lan\u00e7ado tinha um escancarado objetivo eleitoral, n\u00e3o prev\u00ea abertura de novos leitos para desafogar as emerg\u00eancias, nem agilidade para que os pacientes possam realizar exames que n\u00e3o podem esperar e muito menos investimento para que o acesso a m\u00e9dicos especialistas seja facilitado.<\/p>\n<p>O curioso \u00e9 que o Mais M\u00e9dicos, apesar de seu alto custo (em torno de R$ 7 bilh\u00f5es em tr\u00eas anos) e de ter liberado o trabalho m\u00e9dico a intercambistas sem diploma revalidado, afrontando a legisla\u00e7\u00e3o, pode ser o embri\u00e3o para cria\u00e7\u00e3o da Carreira de Estado no sistema p\u00fablico de sa\u00fade, proposta que defendemos h\u00e1 anos como forma de levar atendimento m\u00e9dico resolutivo e com boa estrutura aos munic\u00edpios mais distantes e \u00e0s aldeias ind\u00edgenas.<\/p>\n<p>Enfim, cabe agora ao governo olhar tamb\u00e9m para mais perto, para os grandes centros urbanos, nos quais milh\u00f5es de pessoas sofrem, v\u00edtimas de uma assist\u00eancia de sa\u00fade prec\u00e1ria e, por vezes, desumana.<\/p>\n<p>Nesse caos em que se transformou a sa\u00fade p\u00fablica, nosso reconhecimento aos m\u00e9dicos, que, apesar de tudo, seguem fazendo a sua parte. S\u00e3o profissionais que superam as adversidades di\u00e1rias e seus pr\u00f3prios limites nem sempre com o devido reconhecimento.<\/p>\n<p>Por isso, em 18 de outubro, Dia do M\u00e9dico, nosso abra\u00e7o solid\u00e1rio e fraternal a todos os m\u00e9dicos que exercem a medicina com \u00e9tica, dedica\u00e7\u00e3o e amor ao pr\u00f3ximo.<\/p>\n","protected":false},"excerpt":{"rendered":"<p>fonte: CFM por\u00a0Rog\u00e9rio Wolf de Aguiar \u00a0&#8211;\u00a01\u00ba secret\u00e1rio do Conselho Regional de Medicina do Estado do Rio Grande do Sul (Cremers). Com aproximadamente 20 mil m\u00e9dicos ingressando no mercado de trabalho a cada ano (em torno de mil no Rio Grande do Sul), \u00e9 muito positiva a iniciativa do governo em ampliar a presen\u00e7a de [&hellip;]<\/p>\n","protected":false},"author":1,"featured_media":0,"comment_status":"closed","ping_status":"open","sticky":false,"template":"","format":"standard","meta":{"ngg_post_thumbnail":0,"footnotes":""},"categories":[4],"tags":[],"class_list":["post-3443","post","type-post","status-publish","format-standard","hentry","category-artigos_cientificos"],"aioseo_notices":[],"gutentor_comment":0,"_links":{"self":[{"href":"https:\/\/sobedrj.com.br\/novo\/wp-json\/wp\/v2\/posts\/3443","targetHints":{"allow":["GET"]}}],"collection":[{"href":"https:\/\/sobedrj.com.br\/novo\/wp-json\/wp\/v2\/posts"}],"about":[{"href":"https:\/\/sobedrj.com.br\/novo\/wp-json\/wp\/v2\/types\/post"}],"author":[{"embeddable":true,"href":"https:\/\/sobedrj.com.br\/novo\/wp-json\/wp\/v2\/users\/1"}],"replies":[{"embeddable":true,"href":"https:\/\/sobedrj.com.br\/novo\/wp-json\/wp\/v2\/comments?post=3443"}],"version-history":[{"count":1,"href":"https:\/\/sobedrj.com.br\/novo\/wp-json\/wp\/v2\/posts\/3443\/revisions"}],"predecessor-version":[{"id":3444,"href":"https:\/\/sobedrj.com.br\/novo\/wp-json\/wp\/v2\/posts\/3443\/revisions\/3444"}],"wp:attachment":[{"href":"https:\/\/sobedrj.com.br\/novo\/wp-json\/wp\/v2\/media?parent=3443"}],"wp:term":[{"taxonomy":"category","embeddable":true,"href":"https:\/\/sobedrj.com.br\/novo\/wp-json\/wp\/v2\/categories?post=3443"},{"taxonomy":"post_tag","embeddable":true,"href":"https:\/\/sobedrj.com.br\/novo\/wp-json\/wp\/v2\/tags?post=3443"}],"curies":[{"name":"wp","href":"https:\/\/api.w.org\/{rel}","templated":true}]}}