{"id":346,"date":"2015-02-23T12:42:42","date_gmt":"2015-02-23T12:42:42","guid":{"rendered":"http:\/\/sobedrj.com.br\/novo\/?p=346"},"modified":"2015-03-03T09:33:46","modified_gmt":"2015-03-03T09:33:46","slug":"primeira-reuniao-cientifica-de-2015-da-sobed-rj-sera-na-segunda-feira-dia-2-na-casa-de-saude-sao-jose","status":"publish","type":"post","link":"https:\/\/sobedrj.com.br\/novo\/2015\/02\/23\/primeira-reuniao-cientifica-de-2015-da-sobed-rj-sera-na-segunda-feira-dia-2-na-casa-de-saude-sao-jose\/","title":{"rendered":"Primeira reuni\u00e3o cient\u00edfica de 2015 da SOBED-RJ ser\u00e1 na segunda-feira, dia 2, na Casa de Sa\u00fade S\u00e3o Jos\u00e9"},"content":{"rendered":"<p>A\u00a0diretoria da SOBED-RJ comunica a seus associados que as reuni\u00f5es cient\u00edficas da entidade em 2015 ser\u00e3o realizadas na Casa de Sa\u00fade S\u00e3o Jos\u00e9, no Humait\u00e1.<\/p>\n<p>A primeira sess\u00e3o do ano ser\u00e1 no dia 2 de mar\u00e7o, segunda-feira, a partir das 19h, que contar\u00e1 com apresenta\u00e7\u00e3o de casos cl\u00ednicos pelo\u00a0Hospital Universit\u00e1rio Clementino Fraga Filho (UFRJ) e palestra sobre <em>Les\u00f5es Serrilhadas do C\u00f3lon<\/em>, com a Dra.\u00a0Maria Aparecida Ferreira, m\u00e9dica endoscopista do HCI\/INCA e especialista em Endoscopia Digestiva pela SOBED, e com\u00a0o Dr.\u00a0Heinrich Bender Kohnert Seidler, m\u00e9dico patologista gastrointestinal, com forma\u00e7\u00e3o em Patologia pela Tokyo Medical and Dental University, professor de Patologia da Universidade Cat\u00f3lica de Bras\u00edlia e Universidade de Bras\u00edlia e diretor do Laborat\u00f3rio Brasiliense.<\/p>\n<p>A modera\u00e7\u00e3o ficar\u00e1 a cargo do presidente da SOBED-RJ, Dr. Ronaldo Taam.<\/p>\n<p>A Casa de Sa\u00fade S\u00e3o Jos\u00e9 fica na Rua Macedo Sobrinho, 21, no Humait\u00e1.<\/p>\n<p><strong>SAIBA COMO CHEGAR<\/strong><\/p>\n<p><iframe loading=\"lazy\" style=\"border: 0;\" src=\"https:\/\/www.google.com\/maps\/embed?pb=!1m14!1m8!1m3!1d7347.581239752989!2d-43.198839!3d-22.957937!3m2!1i1024!2i768!4f13.1!3m3!1m2!1s0x9bd5618a37d67d%3A0x12a521f9cca114ed!2sR.+Macedo+Sobrinho%2C+21+-+Humait%C3%A1%2C+Rio+de+Janeiro+-+RJ%2C+22271-080%2C+Brasil!5e0!3m2!1spt-BR!2sbr!4v1424695300058\" width=\"600\" height=\"450\" frameborder=\"0\"><\/iframe><\/p>\n","protected":false},"excerpt":{"rendered":"<p>A\u00a0diretoria da SOBED-RJ comunica a seus associados que as reuni\u00f5es cient\u00edficas da entidade em 2015 ser\u00e3o realizadas na Casa de Sa\u00fade S\u00e3o Jos\u00e9, no Humait\u00e1. A primeira sess\u00e3o do ano ser\u00e1 no dia 2 de mar\u00e7o, segunda-feira, a partir das 19h, que contar\u00e1 com apresenta\u00e7\u00e3o de casos cl\u00ednicos pelo\u00a0Hospital Universit\u00e1rio Clementino Fraga Filho (UFRJ) e [&hellip;]<\/p>\n","protected":false},"author":1,"featured_media":0,"comment_status":"closed","ping_status":"open","sticky":false,"template":"","format":"standard","meta":{"ngg_post_thumbnail":0,"footnotes":""},"categories":[2],"tags":[],"class_list":["post-346","post","type-post","status-publish","format-standard","hentry","category-noticias"],"aioseo_notices":[],"gutentor_comment":0,"_links":{"self":[{"href":"https:\/\/sobedrj.com.br\/novo\/wp-json\/wp\/v2\/posts\/346","targetHints":{"allow":["GET"]}}],"collection":[{"href":"https:\/\/sobedrj.com.br\/novo\/wp-json\/wp\/v2\/posts"}],"about":[{"href":"https:\/\/sobedrj.com.br\/novo\/wp-json\/wp\/v2\/types\/post"}],"author":[{"embeddable":true,"href":"https:\/\/sobedrj.com.br\/novo\/wp-json\/wp\/v2\/users\/1"}],"replies":[{"embeddable":true,"href":"https:\/\/sobedrj.com.br\/novo\/wp-json\/wp\/v2\/comments?post=346"}],"version-history":[{"count":1,"href":"https:\/\/sobedrj.com.br\/novo\/wp-json\/wp\/v2\/posts\/346\/revisions"}],"predecessor-version":[{"id":347,"href":"https:\/\/sobedrj.com.br\/novo\/wp-json\/wp\/v2\/posts\/346\/revisions\/347"}],"wp:attachment":[{"href":"https:\/\/sobedrj.com.br\/novo\/wp-json\/wp\/v2\/media?parent=346"}],"wp:term":[{"taxonomy":"category","embeddable":true,"href":"https:\/\/sobedrj.com.br\/novo\/wp-json\/wp\/v2\/categories?post=346"},{"taxonomy":"post_tag","embeddable":true,"href":"https:\/\/sobedrj.com.br\/novo\/wp-json\/wp\/v2\/tags?post=346"}],"curies":[{"name":"wp","href":"https:\/\/api.w.org\/{rel}","templated":true}]}}