{"id":3461,"date":"2017-04-10T12:19:18","date_gmt":"2017-04-10T12:19:18","guid":{"rendered":"http:\/\/sobedrj.com.br\/novo\/?p=3461"},"modified":"2017-04-11T09:21:24","modified_gmt":"2017-04-11T09:21:24","slug":"exames-com-resultado-normal-sao-desperdicio-para-o-sus-diz-ministro-da-saude","status":"publish","type":"post","link":"https:\/\/sobedrj.com.br\/novo\/2017\/04\/10\/exames-com-resultado-normal-sao-desperdicio-para-o-sus-diz-ministro-da-saude\/","title":{"rendered":"Exames com resultado normal s\u00e3o &#8216;desperd\u00edcio&#8217; para o SUS, diz ministro da Sa\u00fade"},"content":{"rendered":"<p>fonte: BBC Brasil<\/p>\n<p class=\"story-body__introduction\">O ministro da Sa\u00fade, Ricardo Barros, afirmou que &#8220;80% dos exames de imagem no SUS (Sistema \u00danico de Sa\u00fade) t\u00eam resultado normal&#8221; e que isso representa &#8220;desperd\u00edcios que precisam ser controlados&#8221;.<\/p>\n<p>Barros participou na manh\u00e3 deste s\u00e1bado, em Cambridge (EUA). da Brazil Conference, evento sobre o Brasil organizado pela Universidade Harvard e o Instituto de Tecnologia de Massachussetts (MIT). Em apresenta\u00e7\u00e3o e posteriormente em entrevista \u00e0 BBC Brasil, defendeu a necessidade de controlar a prescri\u00e7\u00e3o de exames.<\/p>\n<p>&#8220;Temos que ter controle da demanda que os m\u00e9dicos fazem destes exames e passar a avaliar como utilizam sua capacidade de demandar do SUS. Se o m\u00e9dico solicita muitos exames que d\u00e3o resultado normal, ele n\u00e3o est\u00e1 agindo de forma correta com o sistema&#8221;, afirmou Barros \u00e0 BBC.<\/p>\n<p>Segundo o ministro, exames de imagem (como tomografias e ultrassonografias) que n\u00e3o identificam problemas ou doen\u00e7as sugerem que os m\u00e9dicos n\u00e3o estariam fazendo diagn\u00f3sticos cl\u00ednicos de forma correta.<\/p>\n<p>Questionado se os exames precisam revelar problemas para serem considerados necess\u00e1rios, Barros disse que n\u00e3o quer interferir na capacidade de tomada de decis\u00f5es dos m\u00e9dicos.<\/p>\n<p>&#8220;Mas os medicos n\u00e3o podem pedir exame como forma de transferir sua responsabilidade de emitir diagn\u00f3sticos&#8221;, afirmou.<\/p>\n<p>&#8220;Os exames s\u00f3 devem ser usados quando h\u00e1 necessidade, n\u00e3o como rotina para diminuir a responsabilidade que o m\u00e9dico tem de fazer um diagn\u00f3stico a partir dos elementos cl\u00ednicos.&#8221;<\/p>\n<p><strong>&#8216;Tarefa imposs\u00edvel&#8217;<\/strong><\/p>\n<p>Durante sua fala na Brazil Conference, o ministro disse que os m\u00e9dicos da rede p\u00fablica n\u00e3o est\u00e3o atentos aos custos dos procedimentos que solicitam para seus pacientes.<\/p>\n<p>&#8220;Temos muitos problemas em ajustar o m\u00e9dico como uma pe\u00e7a do sistema, e n\u00e3o como o centro do sistema. O m\u00e9dico tem uma vis\u00e3o que \u00e9 fruto do compromisso que faz quando se forma, que \u00e9 estar acima da quest\u00e3o pragm\u00e1tica, dos recursos.&#8221;<\/p>\n<p>Ele explicou a fala \u00e0 BBC Brasil. &#8220;Ao m\u00e9dico, cabe solicitar os meios para salvar uma vida, e ao gestor cabe disponibilizar aqueles que s\u00e3o possiveis de serem disponibilizados.&#8221;<\/p>\n<p>&#8220;A integralidade n\u00e3o pode ser o &#8216;tudo do SUS para todos&#8217;. Eu sou gestor do SUS. Enquanto for tudo para todos, infelizmente, ser\u00e1 uma tarefa impossivel.&#8221;<\/p>\n<p>O ministro afirmou ainda que a ideia de integralidade (oferta irrestrita de exames e tratamentos) na rede p\u00fablica atrapalha a universalidade (atendimento a todos os brasileiros) no SUS.<\/p>\n<p>Desde que assumiu o cargo, em maio de 2016, Barros, que \u00e9 deputado federal licenciado pelo PP do Paran\u00e1, vem defendendo o enxugamento de gastos do SUS, j\u00e1 que em algum momento o pa\u00eds n\u00e3o teria mais como bancar direitos que a Constitui\u00e7\u00e3o garante, como acesso universal \u00e0 sa\u00fade.<\/p>\n<p>Nesse sentido, j\u00e1 se manifestou, por exemplo, a favor da cria\u00e7\u00e3o de planos de sa\u00fade &#8220;populares&#8221;, mais baratos por oferecerem menos servi\u00e7os do que a cobertura m\u00ednima prevista pela ANS (Ag\u00eancia Nacional de Sa\u00fade Suplementar), Seria, segundo ele, uma forma de desafogar o sistema p\u00fablico e contribuir com o financiamento do SUS.<\/p>\n<p>&#8220;\u00c9 a integralidade, que \u00e9 o atendimento integral do cidad\u00e3o, contra a universalidade. O atendimento integral retira recursos que t\u00eam que ser aplicados no atendimento a todos os demais&#8221;, afirmou nos EUA.<\/p>\n<p><strong>&#8216;Publicidade e efici\u00eancia&#8217;<\/strong><\/p>\n<p>Em sua fala de abertura, Barros disse \u00e0 plateia formada tamb\u00e9m por m\u00e9dicos, defensores p\u00fablicos, advogados e gestores de servi\u00e7os de sa\u00fade que sua pasta preza pelo investimento em publicidade.<\/p>\n<p>&#8220;Publicidade e efici\u00eancia s\u00e3o as marcas da minha gest\u00e3o&#8221;, disse, sem informar valores.<\/p>\n<p>Um dos principais projetos anunciados por Barros \u00e9 a informatiza\u00e7\u00e3o do sistema p\u00fablico de sa\u00fade, proposta antiga mas nunca implantada no pa\u00eds.<\/p>\n<p>&#8220;Investimos por ano US$ 230 bilh\u00f5es em servi\u00e7os p\u00fablicos de sa\u00fade no Brasil&#8221;, disse Barros \u00e0 BBC Brasil.<\/p>\n<p>&#8220;Espero que, quando completada a informatiza\u00e7\u00e3o, economizemos 20% desses recursos, porque o m\u00e9dico, tendo todo o hist\u00f3rico de sa\u00fade do paciente, ter\u00e1 mais clareza (nos diagn\u00f3sticos).&#8221;<\/p>\n","protected":false},"excerpt":{"rendered":"<p>fonte: BBC Brasil O ministro da Sa\u00fade, Ricardo Barros, afirmou que &#8220;80% dos exames de imagem no SUS (Sistema \u00danico de Sa\u00fade) t\u00eam resultado normal&#8221; e que isso representa &#8220;desperd\u00edcios que precisam ser controlados&#8221;. Barros participou na manh\u00e3 deste s\u00e1bado, em Cambridge (EUA). da Brazil Conference, evento sobre o Brasil organizado pela Universidade Harvard e [&hellip;]<\/p>\n","protected":false},"author":1,"featured_media":0,"comment_status":"closed","ping_status":"open","sticky":false,"template":"","format":"standard","meta":{"ngg_post_thumbnail":0,"footnotes":""},"categories":[2],"tags":[],"class_list":["post-3461","post","type-post","status-publish","format-standard","hentry","category-noticias"],"aioseo_notices":[],"gutentor_comment":0,"_links":{"self":[{"href":"https:\/\/sobedrj.com.br\/novo\/wp-json\/wp\/v2\/posts\/3461","targetHints":{"allow":["GET"]}}],"collection":[{"href":"https:\/\/sobedrj.com.br\/novo\/wp-json\/wp\/v2\/posts"}],"about":[{"href":"https:\/\/sobedrj.com.br\/novo\/wp-json\/wp\/v2\/types\/post"}],"author":[{"embeddable":true,"href":"https:\/\/sobedrj.com.br\/novo\/wp-json\/wp\/v2\/users\/1"}],"replies":[{"embeddable":true,"href":"https:\/\/sobedrj.com.br\/novo\/wp-json\/wp\/v2\/comments?post=3461"}],"version-history":[{"count":1,"href":"https:\/\/sobedrj.com.br\/novo\/wp-json\/wp\/v2\/posts\/3461\/revisions"}],"predecessor-version":[{"id":3463,"href":"https:\/\/sobedrj.com.br\/novo\/wp-json\/wp\/v2\/posts\/3461\/revisions\/3463"}],"wp:attachment":[{"href":"https:\/\/sobedrj.com.br\/novo\/wp-json\/wp\/v2\/media?parent=3461"}],"wp:term":[{"taxonomy":"category","embeddable":true,"href":"https:\/\/sobedrj.com.br\/novo\/wp-json\/wp\/v2\/categories?post=3461"},{"taxonomy":"post_tag","embeddable":true,"href":"https:\/\/sobedrj.com.br\/novo\/wp-json\/wp\/v2\/tags?post=3461"}],"curies":[{"name":"wp","href":"https:\/\/api.w.org\/{rel}","templated":true}]}}