{"id":3470,"date":"2017-04-10T12:38:47","date_gmt":"2017-04-10T12:38:47","guid":{"rendered":"http:\/\/sobedrj.com.br\/novo\/?p=3470"},"modified":"2017-04-11T09:21:12","modified_gmt":"2017-04-11T09:21:12","slug":"entidades-medicas-lancam-manifesto-contra-plano-de-saude-popular","status":"publish","type":"post","link":"https:\/\/sobedrj.com.br\/novo\/2017\/04\/10\/entidades-medicas-lancam-manifesto-contra-plano-de-saude-popular\/","title":{"rendered":"Entidades m\u00e9dicas lan\u00e7am manifesto contra plano de sa\u00fade popular"},"content":{"rendered":"<p>fonte: Veja<\/p>\n<p><strong>Entidades m\u00e9dicas<\/strong>\u00a0e representantes da sociedade publicaram nessa sexta-feira um <strong>manifesto<\/strong> contra a cria\u00e7\u00e3o do <strong>plano de sa\u00fade popular<\/strong> proposta pelo Minist\u00e9rio da Sa\u00fade. No documento, assinado por dez institui\u00e7\u00f5es, \u201cos modelos apresentados s\u00e3o grave amea\u00e7a de retrocesso aos direitos dos consumidores, pois segmentar\u00e3o a assist\u00eancia \u00e0 sa\u00fade \u201c.<\/p>\n<p>Os principais motivos elencados pelas institui\u00e7\u00f5es para <strong>discordar<\/strong> dos planos populares s\u00e3o: encaminhamento das propostas \u00e0 Ag\u00eancia Nacional de Sa\u00fade Suplementar (ANS) sem encaminhar previamente ao Grupo de Trabalho sobre Planos Acess\u00edveis, sistema de coparticipa\u00e7\u00e3o semelhante ao de uma franquia de autom\u00f3vel \u2013 em caso de doen\u00e7as mais graves e dispendiosas, o usu\u00e1rio ter\u00e1 um \u00f4nus maior -, retorno \u00e0 fase anterior \u00e0 regulamenta\u00e7\u00e3o do setor de sa\u00fade suplementar pela Lei 9656\/98, gera\u00e7\u00e3o de falsas expectativas sem atender \u00e0s necessidades do paciente, aumento da judicializa\u00e7\u00e3o, precariza\u00e7\u00e3o da sa\u00fade p\u00fablica, preju\u00edzo \u00e1 rela\u00e7\u00e3o m\u00e9dico-paciente e precariza\u00e7\u00e3o das condi\u00e7\u00f5es de trabalho do m\u00e9dico.<\/p>\n<p>Para\u00a0Mauro Gomes Aranha de Lima, presidente do Conselho Regional de Medicina de S\u00e3o Paulo (Cremesp), todo os direitos conquistados at\u00e9 o momento pela Lei 9656\/98 \u201cpodem ir por \u00e1gua abaixo com essa tentativa de regulamenta\u00e7\u00e3o\u201d.<\/p>\n<p>Divulgado pelo governo como um plano \u201cacess\u00edvel\u201d e \u201cpopular\u201d devido a seu car\u00e1ter de cobertura restrita, \u00a0representantes de institui\u00e7\u00f5es \u2013\u00a0ProTeste, do Procon, da Associa\u00e7\u00e3o Paulista de Medicina (APM), do Sindicato dos M\u00e9dicos de S\u00e3o Paulo (Simesp), do Minist\u00e9rio P\u00fablico do Estado de S\u00e3o Paulo (MP-SP) \u00a0e da Federa\u00e7\u00e3o Nacional dos M\u00e9dicos (Fenam) \u2013\u00a0afirmaram de forma un\u00e2nime, durante\u00a0evento realizado nesta sexta-feira na sede do Cremesp, em S\u00e3o Paulo, que a proposta \u00e9 uma forma de iludir o consumidor.<\/p>\n<p>De acordo com as entidades, aqueles que aderirem a esses planos de sa\u00fade ter\u00e3o acesso apenas a cuidados prim\u00e1rios de sa\u00fade. E caso precisem de procedimentos mais complexos como cirurgias ou tratamentos de alta complexidade ter\u00e3o que recorrer ao Sistema \u00danico de Sa\u00fade (SUS), pois\u00a0estes servi\u00e7os n\u00e3o est\u00e3o previstos na cobertura do plano.<\/p>\n<p>\u201cPerde o m\u00e9dico, perde o SUS e principalmente o paciente\u201d, afirma Eder Gati Fernandes, presidente do Simesp.\u00a0Marcio Costa Bichara, diretor da Fenan, ressalta que \u201ctodas as op\u00e7\u00f5es propostas favorecem\u00a0exclusivamente as operadoras de sa\u00fade. Se isso for adiante, a popula\u00e7\u00e3o ser\u00e1 novamente ludibriada.\u201d.<\/p>\n<p>O pr\u00f3ximo passo, segundo o presidente do Cremesp ser\u00e1 protocolar o documento, assinado pelas entidades participantes do evento e tamb\u00e9m pela Ordem dos Advogados do Brasil (OAB-SP), na ANS e no Minist\u00e9rio da Sa\u00fade e acompanhar o andamento da proposta para \u201ctomar as medidas cab\u00edveis\u201d.<\/p>\n<p><strong>Entenda as op\u00e7\u00f5es de planos populares propostas pelo governo<\/strong><\/p>\n<p>A proposta do governo sugere a oferta de tr\u00eas tipos de planos: o simplificado, com cobertura espec\u00edfica para aten\u00e7\u00e3o prim\u00e1ria e servi\u00e7os de baixa e m\u00e9dia complexidade. Usu\u00e1rios que fizerem a ades\u00e3o a esse tipo de plano n\u00e3o teriam direito a interna\u00e7\u00e3o, terapias, exames de alta complexidade, atendimento de urg\u00eancia e emerg\u00eancia.<\/p>\n<p>A segunda modalidade \u00e9 de plano ambulatorial combinado com plano hospitalar. Nesse formato, usu\u00e1rio teria acesso a aten\u00e7\u00e3o prim\u00e1ria, especializada, de m\u00e9dia e alta complexidade. Antes de ter acesso a um atendimento especializado, no entanto, o paciente teria de passar obrigatoriamente por uma avalia\u00e7\u00e3o de um m\u00e9dico de fam\u00edlia ou de aten\u00e7\u00e3o prim\u00e1ria. O acesso ao esses servi\u00e7os seria feito de acordo com a disponibilidade da infraestrutura do munic\u00edpio.<\/p>\n<p>O terceiro formato \u00e9 um plano misto de pagamento, no qual o servi\u00e7o seria feito de uma contrapresta\u00e7\u00e3o do usu\u00e1rio. O consumidor ficaria respons\u00e1vel pelo pagamento de valores previstos em contrato.<\/p>\n","protected":false},"excerpt":{"rendered":"<p>fonte: Veja Entidades m\u00e9dicas\u00a0e representantes da sociedade publicaram nessa sexta-feira um manifesto contra a cria\u00e7\u00e3o do plano de sa\u00fade popular proposta pelo Minist\u00e9rio da Sa\u00fade. No documento, assinado por dez institui\u00e7\u00f5es, \u201cos modelos apresentados s\u00e3o grave amea\u00e7a de retrocesso aos direitos dos consumidores, pois segmentar\u00e3o a assist\u00eancia \u00e0 sa\u00fade \u201c. Os principais motivos elencados pelas [&hellip;]<\/p>\n","protected":false},"author":1,"featured_media":0,"comment_status":"closed","ping_status":"open","sticky":false,"template":"","format":"standard","meta":{"ngg_post_thumbnail":0,"footnotes":""},"categories":[2],"tags":[],"class_list":["post-3470","post","type-post","status-publish","format-standard","hentry","category-noticias"],"aioseo_notices":[],"gutentor_comment":0,"_links":{"self":[{"href":"https:\/\/sobedrj.com.br\/novo\/wp-json\/wp\/v2\/posts\/3470","targetHints":{"allow":["GET"]}}],"collection":[{"href":"https:\/\/sobedrj.com.br\/novo\/wp-json\/wp\/v2\/posts"}],"about":[{"href":"https:\/\/sobedrj.com.br\/novo\/wp-json\/wp\/v2\/types\/post"}],"author":[{"embeddable":true,"href":"https:\/\/sobedrj.com.br\/novo\/wp-json\/wp\/v2\/users\/1"}],"replies":[{"embeddable":true,"href":"https:\/\/sobedrj.com.br\/novo\/wp-json\/wp\/v2\/comments?post=3470"}],"version-history":[{"count":1,"href":"https:\/\/sobedrj.com.br\/novo\/wp-json\/wp\/v2\/posts\/3470\/revisions"}],"predecessor-version":[{"id":3471,"href":"https:\/\/sobedrj.com.br\/novo\/wp-json\/wp\/v2\/posts\/3470\/revisions\/3471"}],"wp:attachment":[{"href":"https:\/\/sobedrj.com.br\/novo\/wp-json\/wp\/v2\/media?parent=3470"}],"wp:term":[{"taxonomy":"category","embeddable":true,"href":"https:\/\/sobedrj.com.br\/novo\/wp-json\/wp\/v2\/categories?post=3470"},{"taxonomy":"post_tag","embeddable":true,"href":"https:\/\/sobedrj.com.br\/novo\/wp-json\/wp\/v2\/tags?post=3470"}],"curies":[{"name":"wp","href":"https:\/\/api.w.org\/{rel}","templated":true}]}}