{"id":3482,"date":"2017-04-11T09:03:23","date_gmt":"2017-04-11T09:03:23","guid":{"rendered":"http:\/\/sobedrj.com.br\/novo\/?p=3482"},"modified":"2017-05-08T14:00:34","modified_gmt":"2017-05-08T14:00:34","slug":"reuniao-cientifica-de-maio-ocorre-no-dia-10-confira-a-programacao","status":"publish","type":"post","link":"https:\/\/sobedrj.com.br\/novo\/2017\/04\/11\/reuniao-cientifica-de-maio-ocorre-no-dia-10-confira-a-programacao\/","title":{"rendered":"Reuni\u00e3o cient\u00edfica de maio ocorre no dia 10. Confira a programa\u00e7\u00e3o!"},"content":{"rendered":"<p>A reuni\u00e3o cient\u00edfica de maio da SOBED-RJ ser\u00e1 realizada no dia 10 de maio, quarta-feira, a partir das 19h, no audit\u00f3rio da Casa de Sa\u00fade S\u00e3o Jos\u00e9, no Humait\u00e1, e ter\u00e1 como tema principal a palestra\u00a0<em>Oficina de Gastrostomias e Jejunostomias &#8211; T\u00e9cnicas, resultados e complica\u00e7\u00f5es,<\/em>\u00a0a ser ministrada\u00a0pelo Dr. Gustavo Mello, m\u00e9dico da Se\u00e7\u00e3o de Endoscopia do HCI\/INCA, Doutorado em Oncologia pelo INCA e membro titular da SOBED.<\/p>\n<p>Contamos com sua presen\u00e7a. A Casa de Sa\u00fade S\u00e3o Jos\u00e9 fica na Rua Macedo Sobrinho, 21.<\/p>\n<p><strong>SAIBA COMO CHEGAR<\/strong><\/p>\n<p style=\"text-align: center;\"><iframe loading=\"lazy\" src=\"https:\/\/www.google.com\/maps\/embed?pb=!1m12!1m8!1m3!1d7347.581728663119!2d-43.198713!3d-22.957928!3m2!1i1024!2i768!4f13.1!2m1!1sR.+Macedo+Sobrinho%2C+21+-+Humait%C3%A1+Rio+de+Janeiro+-+RJ+22271-080!5e0!3m2!1spt-BR!2sbr!4v1461694297747\" width=\"900\" height=\"400\" frameborder=\"0\" allowfullscreen=\"allowfullscreen\"><\/iframe><\/p>\n","protected":false},"excerpt":{"rendered":"<p>A reuni\u00e3o cient\u00edfica de maio da SOBED-RJ ser\u00e1 realizada no dia 10 de maio, quarta-feira, a partir das 19h, no audit\u00f3rio da Casa de Sa\u00fade S\u00e3o Jos\u00e9, no Humait\u00e1, e ter\u00e1 como tema principal a palestra\u00a0Oficina de Gastrostomias e Jejunostomias &#8211; T\u00e9cnicas, resultados e complica\u00e7\u00f5es,\u00a0a ser ministrada\u00a0pelo Dr. Gustavo Mello, m\u00e9dico da Se\u00e7\u00e3o de Endoscopia [&hellip;]<\/p>\n","protected":false},"author":1,"featured_media":0,"comment_status":"closed","ping_status":"open","sticky":false,"template":"","format":"standard","meta":{"ngg_post_thumbnail":0,"footnotes":""},"categories":[2],"tags":[],"class_list":["post-3482","post","type-post","status-publish","format-standard","hentry","category-noticias"],"aioseo_notices":[],"gutentor_comment":0,"_links":{"self":[{"href":"https:\/\/sobedrj.com.br\/novo\/wp-json\/wp\/v2\/posts\/3482","targetHints":{"allow":["GET"]}}],"collection":[{"href":"https:\/\/sobedrj.com.br\/novo\/wp-json\/wp\/v2\/posts"}],"about":[{"href":"https:\/\/sobedrj.com.br\/novo\/wp-json\/wp\/v2\/types\/post"}],"author":[{"embeddable":true,"href":"https:\/\/sobedrj.com.br\/novo\/wp-json\/wp\/v2\/users\/1"}],"replies":[{"embeddable":true,"href":"https:\/\/sobedrj.com.br\/novo\/wp-json\/wp\/v2\/comments?post=3482"}],"version-history":[{"count":4,"href":"https:\/\/sobedrj.com.br\/novo\/wp-json\/wp\/v2\/posts\/3482\/revisions"}],"predecessor-version":[{"id":3554,"href":"https:\/\/sobedrj.com.br\/novo\/wp-json\/wp\/v2\/posts\/3482\/revisions\/3554"}],"wp:attachment":[{"href":"https:\/\/sobedrj.com.br\/novo\/wp-json\/wp\/v2\/media?parent=3482"}],"wp:term":[{"taxonomy":"category","embeddable":true,"href":"https:\/\/sobedrj.com.br\/novo\/wp-json\/wp\/v2\/categories?post=3482"},{"taxonomy":"post_tag","embeddable":true,"href":"https:\/\/sobedrj.com.br\/novo\/wp-json\/wp\/v2\/tags?post=3482"}],"curies":[{"name":"wp","href":"https:\/\/api.w.org\/{rel}","templated":true}]}}