{"id":3513,"date":"2017-04-24T13:26:47","date_gmt":"2017-04-24T13:26:47","guid":{"rendered":"http:\/\/sobedrj.com.br\/novo\/?p=3513"},"modified":"2017-04-25T12:44:11","modified_gmt":"2017-04-25T12:44:11","slug":"programa-mais-medicos-abre-mais-de-2-mil-vagas-para-brasileiros","status":"publish","type":"post","link":"https:\/\/sobedrj.com.br\/novo\/2017\/04\/24\/programa-mais-medicos-abre-mais-de-2-mil-vagas-para-brasileiros\/","title":{"rendered":"Programa Mais M\u00e9dicos abre mais de 2 mil vagas para brasileiros"},"content":{"rendered":"<p><img loading=\"lazy\" decoding=\"async\" class=\"alignleft size-medium wp-image-402\" src=\"http:\/\/sobedrj.com.br\/novo\/wp-content\/uploads\/2015\/03\/mais_medicos-1024x574-300x168.jpg\" alt=\"\" width=\"300\" height=\"168\" srcset=\"https:\/\/sobedrj.com.br\/novo\/wp-content\/uploads\/2015\/03\/mais_medicos-1024x574-300x168.jpg 300w, https:\/\/sobedrj.com.br\/novo\/wp-content\/uploads\/2015\/03\/mais_medicos-1024x574.jpg 1024w, https:\/\/sobedrj.com.br\/novo\/wp-content\/uploads\/2015\/03\/mais_medicos-1024x574-600x336.jpg 600w\" sizes=\"auto, (max-width: 300px) 100vw, 300px\" \/>fonte: Minist\u00e9rio da Sa\u00fade<\/p>\n<p>Profissionais brasileiros interessados no Programa Mais M\u00e9dicos ter\u00e3o nova chance de participar da iniciativa. O Minist\u00e9rio da Sa\u00fade lan\u00e7ou, nesta quinta-feira (20), mais um edital com oferta de 2.394 vagas, com prioridade para profissionais com registro no pa\u00eds. As oportunidades fazem parte do processo de reposi\u00e7\u00e3o e substitui\u00e7\u00e3o de m\u00e9dicos da coopera\u00e7\u00e3o com a Organiza\u00e7\u00e3o Pan-Americana de Sa\u00fade (OPAS) por profissionais brasileiros. Al\u00e9m disso, tamb\u00e9m est\u00e3o sendo repostas vagas oriundas de desist\u00eancias e de encerramento de contrato.<\/p>\n<p>Ampliar a participa\u00e7\u00e3o de m\u00e9dicos brasileiros no programa \u00e9 um compromisso da gest\u00e3o do ministro da Sa\u00fade, Ricardo Barros. \u201cEstamos tornando o Mais M\u00e9dicos cada vez mais autossuficiente. A ades\u00e3o dos brasileiros tem sido bastante ampla, ent\u00e3o as expectativas s\u00e3o boas para esse edital\u201d, destaca. Est\u00e1 prevista substitui\u00e7\u00e3o gradativa dos profissionais que atuam no Mais M\u00e9dicos por meio de coopera\u00e7\u00e3o com a OPAS. No \u00faltimo edital, foram cerca de mil vagas de profissionais cubanos ofertados a brasileiros e, no atual edital, outras 1.008 foram abertas. A expectativa \u00e9 chegar a quatro mil substitui\u00e7\u00f5es em tr\u00eas anos.<\/p>\n<p>Neste momento, podem se inscrever m\u00e9dicos brasileiros com registro no pa\u00eds, que t\u00eam prioridade em todos os editais. Os profissionais interessados podem se inscrever at\u00e9 o dia 26 de abril, por meio do sistema do Programa Mais M\u00e9dicos. Ap\u00f3s a inscri\u00e7\u00e3o, os m\u00e9dicos poder\u00e3o escolher quatro munic\u00edpios de prefer\u00eancia. A sele\u00e7\u00e3o dos m\u00e9dicos segue crit\u00e9rios objetivos, como experi\u00eancia em Sa\u00fade da Fam\u00edlia ou especializa\u00e7\u00e3o na \u00e1rea. O resultado das inscri\u00e7\u00f5es validadas deve ser divulgado no dia 10 de maio e a escolha de munic\u00edpio est\u00e1 prevista para os dias 11 e 12. Caso todas as vagas n\u00e3o sejam ocupadas com profissionais formados no pa\u00eds, as oportunidades remanescentes ser\u00e3o ofertadas a brasileiros com diploma estrangeiro.<\/p>\n<p><strong><a href=\"http:\/\/pesquisa.in.gov.br\/imprensa\/jsp\/visualiza\/index.jsp?jornal=3&amp;pagina=102&amp;data=20\/04\/2017\">Confira o edital<\/a><\/strong><\/p>\n<p><strong><a href=\"http:\/\/portalsaude.saude.gov.br\/images\/pdf\/2017\/abril\/20\/Cronograma-edital-14o-ciclo---Medicos.pdf\">Confira o cronograma<\/a><\/strong><\/p>\n<p><strong>INTERCAMBISTAS \u2013<\/strong> O \u00faltimo edital ofertou 1.674 vagas, sendo que 78% (1.302) delas foram ocupadas por m\u00e9dicos brasileiros formados com registro no pa\u00eds. Anteriormente, entre essas vagas, mil eram ocupadas por profissionais da coopera\u00e7\u00e3o com a OPAS.<\/p>\n<p>Os m\u00e9dicos brasileiros formados no exterior selecionados no \u00faltimo edital come\u00e7aram a se apresentar nos munic\u00edpios para in\u00edcio das atividades esta semana, a partir desta \u00faltima quarta-feira (19). Foram 372 profissionais selecionados para as vagas n\u00e3o ocupadas por brasileiros. Eles passaram por um m\u00f3dulo de acolhimento para avalia\u00e7\u00e3o e treinamento durante quatro semanas.<\/p>\n","protected":false},"excerpt":{"rendered":"<p>fonte: Minist\u00e9rio da Sa\u00fade Profissionais brasileiros interessados no Programa Mais M\u00e9dicos ter\u00e3o nova chance de participar da iniciativa. O Minist\u00e9rio da Sa\u00fade lan\u00e7ou, nesta quinta-feira (20), mais um edital com oferta de 2.394 vagas, com prioridade para profissionais com registro no pa\u00eds. As oportunidades fazem parte do processo de reposi\u00e7\u00e3o e substitui\u00e7\u00e3o de m\u00e9dicos da [&hellip;]<\/p>\n","protected":false},"author":1,"featured_media":402,"comment_status":"closed","ping_status":"open","sticky":false,"template":"","format":"standard","meta":{"ngg_post_thumbnail":0,"footnotes":""},"categories":[2],"tags":[],"class_list":["post-3513","post","type-post","status-publish","format-standard","has-post-thumbnail","hentry","category-noticias"],"aioseo_notices":[],"gutentor_comment":0,"_links":{"self":[{"href":"https:\/\/sobedrj.com.br\/novo\/wp-json\/wp\/v2\/posts\/3513","targetHints":{"allow":["GET"]}}],"collection":[{"href":"https:\/\/sobedrj.com.br\/novo\/wp-json\/wp\/v2\/posts"}],"about":[{"href":"https:\/\/sobedrj.com.br\/novo\/wp-json\/wp\/v2\/types\/post"}],"author":[{"embeddable":true,"href":"https:\/\/sobedrj.com.br\/novo\/wp-json\/wp\/v2\/users\/1"}],"replies":[{"embeddable":true,"href":"https:\/\/sobedrj.com.br\/novo\/wp-json\/wp\/v2\/comments?post=3513"}],"version-history":[{"count":2,"href":"https:\/\/sobedrj.com.br\/novo\/wp-json\/wp\/v2\/posts\/3513\/revisions"}],"predecessor-version":[{"id":3526,"href":"https:\/\/sobedrj.com.br\/novo\/wp-json\/wp\/v2\/posts\/3513\/revisions\/3526"}],"wp:featuredmedia":[{"embeddable":true,"href":"https:\/\/sobedrj.com.br\/novo\/wp-json\/wp\/v2\/media\/402"}],"wp:attachment":[{"href":"https:\/\/sobedrj.com.br\/novo\/wp-json\/wp\/v2\/media?parent=3513"}],"wp:term":[{"taxonomy":"category","embeddable":true,"href":"https:\/\/sobedrj.com.br\/novo\/wp-json\/wp\/v2\/categories?post=3513"},{"taxonomy":"post_tag","embeddable":true,"href":"https:\/\/sobedrj.com.br\/novo\/wp-json\/wp\/v2\/tags?post=3513"}],"curies":[{"name":"wp","href":"https:\/\/api.w.org\/{rel}","templated":true}]}}