{"id":3518,"date":"2017-04-24T13:56:07","date_gmt":"2017-04-24T13:56:07","guid":{"rendered":"http:\/\/sobedrj.com.br\/novo\/?p=3518"},"modified":"2017-04-25T12:43:55","modified_gmt":"2017-04-25T12:43:55","slug":"gasto-com-saude-e-ciencia-e-investimento-diz-presidente-da-fiocruz","status":"publish","type":"post","link":"https:\/\/sobedrj.com.br\/novo\/2017\/04\/24\/gasto-com-saude-e-ciencia-e-investimento-diz-presidente-da-fiocruz\/","title":{"rendered":"Gasto com sa\u00fade e ci\u00eancia \u00e9 investimento, diz presidente da Fiocruz"},"content":{"rendered":"<p>fonte: Estad\u00e3o<\/p>\n<p>Gastos com sa\u00fade, ci\u00eancia e tecnologia n\u00e3o s\u00e3o gastos, mas investimentos. Quem faz o alerta \u00e9 a nova presidente da Funda\u00e7\u00e3o Oswaldo Cruz, N\u00edsia Trindade Lima. Primeira mulher a comandar a funda\u00e7\u00e3o em 116 anos de hist\u00f3ria, a gestora est\u00e1 nesta semana em Genebra para encontros na Organiza\u00e7\u00e3o Mundial da Sa\u00fade (OMS). Em meio ao debate sobre cortes or\u00e7ament\u00e1rios no governo de Michel Temer, N\u00edsia sai em defesa da manuten\u00e7\u00e3o do Sistema \u00danico de Sa\u00fade e de pol\u00edticas que possam permitir ao Brasil desenvolver ci\u00eancia, principalmente no campo m\u00e9dico.<\/p>\n<p>Em entrevista ao <strong>Estado<\/strong>, ela ainda admitiu que a febre amarela n\u00e3o justifica uma corrida pela vacina\u00e7\u00e3o. Mas aponta que, de forma progressiva, a vacina contra a doen\u00e7a ter\u00e1 de entrar na carteira de vacina\u00e7\u00e3o e dever\u00e1 ser inclu\u00edda na pol\u00edtica nacional de imuniza\u00e7\u00e3o. Para ela, por\u00e9m, a inova\u00e7\u00e3o tem de ocorrer paralelamente ao tratamento de esgoto e a uma pol\u00edtica de saneamento nacional.<\/p>\n<p>Eis os principais trechos da entrevista:<\/p>\n<p><strong>Doen\u00e7as tropicais como dengue, febre amarela e outras continuam a afetar o Brasil. O que pode ser feito para agir de forma mais eficiente?<\/strong><\/p>\n<p>Trata-se de um problema complexo que precisa ser respondido em v\u00e1rias frentes. A dengue afeta o Brasil h\u00e1 30 anos e \u00e9 uma das grandes preocupa\u00e7\u00f5es. Mas precisamos associar uma pol\u00edtica de saneamento, que \u00e9 fundamental, com novas tecnologias de controle dos vetores. A pol\u00edtica de saneamento \u00e9 um dos grandes problemas enfrentados pelo Brasil. O que \u00e9 ainda muito importante \u00e9 um diagnostico preciso e nisso a Fiocruz tem liderado.<\/p>\n<p><strong>O Brasil pediu para usar estoque. Vacinar a popula\u00e7\u00e3o toda \u00e9 uma boa solu\u00e7\u00e3o ou deve ser um ato mais focado?<\/strong><\/p>\n<p>Alguns especialistas t\u00eam dito j\u00e1 h\u00e1 algum tempo o foco geogr\u00e1fico est\u00e1 progressivamente sendo revisto. Essa que \u00e9 a quest\u00e3o. N\u00e3o \u00e9 uma emerg\u00eancia sanit\u00e1ria, pela pr\u00f3pria caracter\u00edstica da doen\u00e7a. Os focos s\u00e3o silvestres. N\u00e3o se d\u00e3o em \u00e1rea urbana, o que levaria a uma a\u00e7\u00e3o mais focada. Mas o fato \u00e9 que hoje h\u00e1 uma grande circula\u00e7\u00e3o entre ambientes e h\u00e1 uma mudan\u00e7a nas \u00e1reas de matas. O desmatamento provoca uma consequ\u00eancia nas popula\u00e7\u00f5es de macacos. Portanto, \u00e9 um conjunto de fatores que exige um monitoramento permanente. A chave \u00e9 adequando as estrat\u00e9gias de vacina\u00e7\u00e3o a isso. A tend\u00eancia \u00e9 que aquela faixa da popula\u00e7\u00e3o que ficava fora do campo de vacina\u00e7\u00e3o cada vez seja mais estreita. N\u00e3o \u00e9 uma pol\u00edtica de emerg\u00eancia e n\u00e3o justifica um p\u00e2nico, uma corrida em massa para a vacina\u00e7\u00e3o. Mas todos os especialistas e o Minist\u00e9rio da Sa\u00fade \u00e9 para uma amplia\u00e7\u00e3o progressiva da vacina\u00e7\u00e3o.<\/p>\n<p><strong>Mas na avalia\u00e7\u00e3o da senhora seria bom uma vacina\u00e7\u00e3o da popula\u00e7\u00e3o inteira de alguns Estados?<\/strong><\/p>\n<p>N\u00e3o \u00e9 uma medida necess\u00e1ria e v\u00e1rios especialistas apontam isso. Mas o que se prop\u00f5e tamb\u00e9m \u00e9 uma progressiva amplia\u00e7\u00e3o da carteira de vacina\u00e7\u00e3o e incluir a vacina da febre amarela na pol\u00edtica de imuniza\u00e7\u00e3o.<\/p>\n<p><strong>Mas o Brasil tem a capacidade de produzir vacina para abastecer suas necessidades? O governo acaba de recorrer aos estoques da OMS.<\/strong><\/p>\n<p>Historicamente, tivemos essa capacidade. N\u00e3o apenas atend\u00edamos ao Brasil, mas export\u00e1vamos. Nesse aumento, com o aumento da demanda, o que estamos fazendo \u00e9 aumentar de maneira muito intensa essa produ\u00e7\u00e3o e estamos em discuss\u00e3o com Minist\u00e9rio da Sa\u00fade para ampliar a produ\u00e7\u00e3o atual. Hoje, j\u00e1 praticamente o dobro de uma capacidade que existia h\u00e1 dois anos. Foi algo muito intenso e a ideia \u00e9 de que possamos produzir 70 milh\u00f5es de doses, contra um total hoje de 30 milh\u00f5es. \u00a0Isso pode ser feito at\u00e9 2018.<\/p>\n<p><strong>As limita\u00e7\u00f5es or\u00e7ament\u00e1rias impostas pelo governo afetam a Fiocruz e esses planos?<\/strong><\/p>\n<p>\u00c9 muito importante um or\u00e7amento assegurado para as a\u00e7\u00f5es de sa\u00fade. No caso da febre amarela, o compromisso do Minist\u00e9rio da Sa\u00fade \u00e9 com continuidade do financeiro, dada a import\u00e2ncia nacional. Mas eu diria que essa \u00e9 a resposta desse momento. \u00c9 importante tamb\u00e9m pesquisas que permitam o pr\u00f3prio aperfei\u00e7oamento da vacina e tamb\u00e9m suporte para a atividade de pesquisa para o conjunto de problemas que afetam o Brasil, tanto as doen\u00e7as negligenciadas, como outros problemas. Tudo isso requer recursos e, por isso, n\u00f3s na Fiocruz, sempre temos uma linha de afirmar a import\u00e2ncia de que as popula\u00e7\u00f5es n\u00e3o sejam negligenciadas e tamb\u00e9m que tenhamos uma vis\u00e3o do gasto em ci\u00eancia e tecnologia, do gasto em pol\u00edtica social n\u00e3o como gasto, mas como investimento para o Pa\u00eds.<\/p>\n<p><strong>Mas a senhora a est\u00e1 preocupada com eventuais cortes no setor da Sa\u00fade?<\/strong><\/p>\n<p>Sim, com certeza. Temos trabalho na linha da defesa, n\u00e3o apenas da institui\u00e7\u00e3o, mas do Sistema Unido de Sa\u00fade e da pol\u00edtica de ci\u00eancia e tecnologia.<\/p>\n<p><strong>A senhora esteve com a diretora-geral da OMS, Margaret Chan. O que existe entre a Fiocruz e a entidade para o futuro?\u00a0<\/strong><\/p>\n<p>Podemos refor\u00e7ar a colabora\u00e7\u00e3o para o futuro, tanto na \u00e1rea de doen\u00e7as tropicais como pensando na resist\u00eancia microbiana. Discutimos muito o fortalecimento do papel do Brasil e da Fiocruz no sistema de inova\u00e7\u00e3o global e a coopera\u00e7\u00e3o com os pa\u00edses africanos.<\/p>\n","protected":false},"excerpt":{"rendered":"<p>fonte: Estad\u00e3o Gastos com sa\u00fade, ci\u00eancia e tecnologia n\u00e3o s\u00e3o gastos, mas investimentos. Quem faz o alerta \u00e9 a nova presidente da Funda\u00e7\u00e3o Oswaldo Cruz, N\u00edsia Trindade Lima. Primeira mulher a comandar a funda\u00e7\u00e3o em 116 anos de hist\u00f3ria, a gestora est\u00e1 nesta semana em Genebra para encontros na Organiza\u00e7\u00e3o Mundial da Sa\u00fade (OMS). Em [&hellip;]<\/p>\n","protected":false},"author":1,"featured_media":2546,"comment_status":"closed","ping_status":"open","sticky":false,"template":"","format":"standard","meta":{"ngg_post_thumbnail":0,"footnotes":""},"categories":[2],"tags":[],"class_list":["post-3518","post","type-post","status-publish","format-standard","has-post-thumbnail","hentry","category-noticias"],"aioseo_notices":[],"gutentor_comment":0,"_links":{"self":[{"href":"https:\/\/sobedrj.com.br\/novo\/wp-json\/wp\/v2\/posts\/3518","targetHints":{"allow":["GET"]}}],"collection":[{"href":"https:\/\/sobedrj.com.br\/novo\/wp-json\/wp\/v2\/posts"}],"about":[{"href":"https:\/\/sobedrj.com.br\/novo\/wp-json\/wp\/v2\/types\/post"}],"author":[{"embeddable":true,"href":"https:\/\/sobedrj.com.br\/novo\/wp-json\/wp\/v2\/users\/1"}],"replies":[{"embeddable":true,"href":"https:\/\/sobedrj.com.br\/novo\/wp-json\/wp\/v2\/comments?post=3518"}],"version-history":[{"count":1,"href":"https:\/\/sobedrj.com.br\/novo\/wp-json\/wp\/v2\/posts\/3518\/revisions"}],"predecessor-version":[{"id":3519,"href":"https:\/\/sobedrj.com.br\/novo\/wp-json\/wp\/v2\/posts\/3518\/revisions\/3519"}],"wp:featuredmedia":[{"embeddable":true,"href":"https:\/\/sobedrj.com.br\/novo\/wp-json\/wp\/v2\/media\/2546"}],"wp:attachment":[{"href":"https:\/\/sobedrj.com.br\/novo\/wp-json\/wp\/v2\/media?parent=3518"}],"wp:term":[{"taxonomy":"category","embeddable":true,"href":"https:\/\/sobedrj.com.br\/novo\/wp-json\/wp\/v2\/categories?post=3518"},{"taxonomy":"post_tag","embeddable":true,"href":"https:\/\/sobedrj.com.br\/novo\/wp-json\/wp\/v2\/tags?post=3518"}],"curies":[{"name":"wp","href":"https:\/\/api.w.org\/{rel}","templated":true}]}}