{"id":3520,"date":"2017-04-24T14:15:05","date_gmt":"2017-04-24T14:15:05","guid":{"rendered":"http:\/\/sobedrj.com.br\/novo\/?p=3520"},"modified":"2017-04-25T12:43:47","modified_gmt":"2017-04-25T12:43:47","slug":"sepse-infeccao-e-uma-das-principais-causas-de-morte-no-mundo","status":"publish","type":"post","link":"https:\/\/sobedrj.com.br\/novo\/2017\/04\/24\/sepse-infeccao-e-uma-das-principais-causas-de-morte-no-mundo\/","title":{"rendered":"Sepse: infec\u00e7\u00e3o \u00e9 uma das principais causas de morte no mundo"},"content":{"rendered":"<p>fonte: Veja<\/p>\n<p>Com apenas nove meses de vida, o brit\u00e2nico Patrick Kane teve dois membros amputados: parte da perna direita, do bra\u00e7o esquerdo e os dedos da m\u00e3o direita. A causa? A <strong>septicemia<\/strong>, ou apenas sepse, infec\u00e7\u00e3o grave causada pela resposta sist\u00eamica de defesa do organismo. A s\u00edndrome \u00e9\u00a0uma das maiores causas de morte no mundo, no entanto, poucas pessoas sabem que ela existe.<\/p>\n<p>Quando Patrick acordou passando mal, mole e ap\u00e1tico, o m\u00e9dico da fam\u00edlia receitou apenas um analg\u00e9sico. Entretanto, ainda preocupada, sua m\u00e3e decidiu lev\u00e1-lo a outro\u00a0m\u00e9dico. Nesse momento, a situa\u00e7\u00e3o se agravou. \u201cFoi tudo muito r\u00e1pido\u2026 Logo na chegada eu tive <strong>fal\u00eancia m\u00faltipla de \u00f3rg\u00e3os<\/strong>\u201c, contou o rapaz, hoje com 19 anos, \u00e0 rede <em>BBC<\/em>. Depois disso, Patrick ficou internado por tr\u00eas meses no Hospital St. Mary\u2019s, em Londres.\u00a0\u201cOu voc\u00ea conhece algu\u00e9m que teve <strong>sepse<\/strong>, ou voc\u00ea nunca ouviu falar disso.\u201d<\/p>\n<p><strong>A s\u00edndrome<\/strong><\/p>\n<p>A princ\u00edpio, o sistema imunol\u00f3gico entra em a\u00e7\u00e3o para atacar uma infec\u00e7\u00e3o e evitar que ela avance. No entanto, se ela consegue se espalhar pelo corpo, o sistema de\u00a0<strong>defesa do organismo<\/strong>\u00a0imp\u00f5e uma resposta inflamat\u00f3ria total\u00a0na tentativa de combat\u00ea-la. \u201cEu praticamente morri sete vezes. Durante muito tempo, era uma inc\u00f3gnita se eu conseguiria sobreviver\u201d, contou Patrick. Qualquer processo infeccioso, causado por bact\u00e9rias, v\u00edrus, fungos ou protozo\u00e1rios, seja uma infec\u00e7\u00e3o urin\u00e1ria ou uma pneumonia, pode evoluir para uma <strong>infec\u00e7\u00e3o generalizada<\/strong>, como \u00e9 conhecida. Se n\u00e3o diagnosticada rapidamente, pode comprometer o funcionamento dos \u00f3rg\u00e3os e, at\u00e9 mesmo, levar a morte.<\/p>\n<p><strong>Alta taxa de mortalidade<\/strong><\/p>\n<p>No Reino Unido, a doen\u00e7a mata mais que o c\u00e2ncer de intestino, o c\u00e2ncer de mama e o de pr\u00f3stata juntos. J\u00e1 no Brasil, de acordo com pesquisa do <em>Datafolha<\/em> para o <strong>Instituto Latino Americano de Sepse<\/strong> (ILAS), ela \u00e9 respons\u00e1vel por cerca de 233.000 \u00f3bitos em UTIs. Calcula-se que 55% dos casos registrados de sepse resultam em \u00f3bito. Para agravar a situ\u00e7\u00e3o, a s\u00edndrome \u00e9 desconhecida por nove a cada dez pessoas. A pesquisa entrevistou brasileiros de 134 munic\u00edpios e 93,4% nunca tinham ouvido falar sobre a doen\u00e7a.<\/p>\n<p>\u201cOs <strong>sintomas<\/strong> n\u00e3o s\u00e3o espec\u00edficos, \u00e9 dif\u00edcil para a popula\u00e7\u00e3o em geral suspeitar que possa estar com <strong>sepse<\/strong>. Muita gente demora a procurar atendimento porque acha que os sintomas fazem parte do pr\u00f3prio quadro de infec\u00e7\u00e3o\u201d, explicou\u00a0\u00e0 <em>BBC Brasil<\/em>\u00a0Luciano Azevedo, presidente do ILAS.\u00a0O diagn\u00f3stico precoce \u00e9 fundamental. A falta de conhecimento aliada a falta de infraestrutura da rede hospitalar, principalmente emergencial, s\u00e3o um dos fatores que explicam a alta <strong>taxa de mortalidade<\/strong>.\u00a0\u201cAcredita-se que o n\u00famero inadequado de profissionais para atendimento, ou seja, muitos pacientes para poucos m\u00e9dicos, e a dificuldade de acesso aos leitos das <strong>UTIs<\/strong> tamb\u00e9m colaboram para a elevada taxa de mortalidade\u201d, disse Azevedo.<\/p>\n<p><strong>Sintomas<\/strong><\/p>\n<p>Idosos, crian\u00e7as de at\u00e9 dois anos e pacientes com doen\u00e7a cr\u00f4nica n\u00e3o controlada ou defici\u00eancia do <strong>sistema imunol\u00f3gico<\/strong> apresentam um <strong>risco<\/strong> maior de desenvolver o quadro. Segundo a organiza\u00e7\u00e3o UK Sepsis Trust, do Reino Unido, os <strong>sintomas<\/strong>, em adultos, s\u00e3o: fala arrastada, tremores extremos ou dores musculares, baixa produ\u00e7\u00e3o de urina (ficar um dia sem urinar), falta de ar severa, pele manchada ou p\u00e1lida.<\/p>\n<p>Em <strong>crian\u00e7as pequenas<\/strong>, os <strong>sintomas<\/strong> podem incluir: apar\u00eancia manchada, azulada ou p\u00e1lida, dificuldade de\u00a0acordar, pele fria fora do normal, respira\u00e7\u00e3o muito r\u00e1pida, erup\u00e7\u00e3o cut\u00e2nea que n\u00e3o desaparece quando voc\u00ea pressiona, convuls\u00e3o.<\/p>\n","protected":false},"excerpt":{"rendered":"<p>fonte: Veja Com apenas nove meses de vida, o brit\u00e2nico Patrick Kane teve dois membros amputados: parte da perna direita, do bra\u00e7o esquerdo e os dedos da m\u00e3o direita. A causa? A septicemia, ou apenas sepse, infec\u00e7\u00e3o grave causada pela resposta sist\u00eamica de defesa do organismo. A s\u00edndrome \u00e9\u00a0uma das maiores causas de morte no [&hellip;]<\/p>\n","protected":false},"author":1,"featured_media":0,"comment_status":"closed","ping_status":"open","sticky":false,"template":"","format":"standard","meta":{"ngg_post_thumbnail":0,"footnotes":""},"categories":[2],"tags":[],"class_list":["post-3520","post","type-post","status-publish","format-standard","hentry","category-noticias"],"aioseo_notices":[],"gutentor_comment":0,"_links":{"self":[{"href":"https:\/\/sobedrj.com.br\/novo\/wp-json\/wp\/v2\/posts\/3520","targetHints":{"allow":["GET"]}}],"collection":[{"href":"https:\/\/sobedrj.com.br\/novo\/wp-json\/wp\/v2\/posts"}],"about":[{"href":"https:\/\/sobedrj.com.br\/novo\/wp-json\/wp\/v2\/types\/post"}],"author":[{"embeddable":true,"href":"https:\/\/sobedrj.com.br\/novo\/wp-json\/wp\/v2\/users\/1"}],"replies":[{"embeddable":true,"href":"https:\/\/sobedrj.com.br\/novo\/wp-json\/wp\/v2\/comments?post=3520"}],"version-history":[{"count":1,"href":"https:\/\/sobedrj.com.br\/novo\/wp-json\/wp\/v2\/posts\/3520\/revisions"}],"predecessor-version":[{"id":3522,"href":"https:\/\/sobedrj.com.br\/novo\/wp-json\/wp\/v2\/posts\/3520\/revisions\/3522"}],"wp:attachment":[{"href":"https:\/\/sobedrj.com.br\/novo\/wp-json\/wp\/v2\/media?parent=3520"}],"wp:term":[{"taxonomy":"category","embeddable":true,"href":"https:\/\/sobedrj.com.br\/novo\/wp-json\/wp\/v2\/categories?post=3520"},{"taxonomy":"post_tag","embeddable":true,"href":"https:\/\/sobedrj.com.br\/novo\/wp-json\/wp\/v2\/tags?post=3520"}],"curies":[{"name":"wp","href":"https:\/\/api.w.org\/{rel}","templated":true}]}}