{"id":367,"date":"2015-03-02T17:17:31","date_gmt":"2015-03-02T17:17:31","guid":{"rendered":"http:\/\/sobedrj.com.br\/novo\/?p=367"},"modified":"2015-03-02T17:17:31","modified_gmt":"2015-03-02T17:17:31","slug":"fisco-aperta-e-medicos-terao-que-informar-cpf-de-clientes","status":"publish","type":"post","link":"https:\/\/sobedrj.com.br\/novo\/2015\/03\/02\/fisco-aperta-e-medicos-terao-que-informar-cpf-de-clientes\/","title":{"rendered":"Fisco aperta e m\u00e9dicos ter\u00e3o que informar CPF de clientes"},"content":{"rendered":"<p><img loading=\"lazy\" decoding=\"async\" class=\"alignleft size-medium wp-image-368\" src=\"http:\/\/sobedrj.com.br\/novo\/wp-content\/uploads\/2015\/03\/receita-federal1-300x257.png\" alt=\"receita-federal1\" width=\"300\" height=\"257\" srcset=\"https:\/\/sobedrj.com.br\/novo\/wp-content\/uploads\/2015\/03\/receita-federal1-300x257.png 300w, https:\/\/sobedrj.com.br\/novo\/wp-content\/uploads\/2015\/03\/receita-federal1-1024x878.png 1024w, https:\/\/sobedrj.com.br\/novo\/wp-content\/uploads\/2015\/03\/receita-federal1-600x514.png 600w, https:\/\/sobedrj.com.br\/novo\/wp-content\/uploads\/2015\/03\/receita-federal1.png 1073w\" sizes=\"auto, (max-width: 300px) 100vw, 300px\" \/>fonte: G1<\/p>\n<p>A Secretaria da Receita Federal informou na segunda-feira (23) que os m\u00e9dicos passar\u00e3o a ter de informar a partir deste ano no carn\u00ea Le\u00e3o, entregue mensalmente, os valores pagos por pessoas f\u00edsicas e seus respectivos n\u00fameros de CPFs. Com isso, essas informa\u00e7\u00f5es ficar\u00e3o dispon\u00edveis para o Imposto de Renda de 2016 (ano-base 2015).<\/p>\n<p>Caso n\u00e3o incluam os valores e CPFs no carn\u00ea Le\u00e3o, ter\u00e3o de colocar as informa\u00e7\u00f5es em sua declara\u00e7\u00e3o do <a class=\"premium-tip\" href=\"http:\/\/g1.globo.com\/topico\/imposto-de-renda\/\">Imposto de Renda<\/a>, entregue no ano que vem.<\/p>\n<p>No IR deste ano, cujo prazo de entrega da declara\u00e7\u00e3o come\u00e7a em mar\u00e7o pr\u00f3ximo e se estende at\u00e9 o final de abril, a novidade ainda n\u00e3o est\u00e1 dispon\u00edvel.<\/p>\n<p>At\u00e9 o momento, informou o Fisco, os m\u00e9dicos eram obrigados a informar somente o valor total recebido mensalmente de pessoas f\u00edsicas, sem a necessidade de detalhar o n\u00famero do CPF das pessoas f\u00edsicas que tinham realizado o pagamento. No caso das empresas, eles j\u00e1 eram obrigados a informar o CNPJ por meio da Declara\u00e7\u00e3o de Servi\u00e7os M\u00e9dicos e de Sa\u00fade (Dmed).<\/p>\n<p><strong>Menos contribuintes em malha<\/strong><br \/>\nCom o acesso a mais informa\u00e7\u00f5es de pessoas f\u00edsicas, a Receita Federal informou que espera diminuir o n\u00famero de contribuintes que caem na malha fina. At\u00e9 ent\u00e3o, quando os contribuintes inclu\u00edam uma nota fiscal com despesas m\u00e9dicas em sua declara\u00e7\u00e3o, com fins de dedu\u00e7\u00e3o no IR, eles eram ca\u00edam na malha fina e eram chamados posteriormente, pelo Fisco, a levar o documento para as unidades do \u00f3rg\u00e3o para comprova\u00e7\u00e3o do valor gasto.<\/p>\n<p>&#8220;Muitos contribuintes que eram convidados para confirmar o pagamento, n\u00e3o precisar\u00e3o mais vir [\u00e0s unidades da Receita Federal]. Essa, mais a novidade dos dependentes a partir de 16 anos [terem de necessariamente ter CPF], permitem um universo de maior cruzamento de dados. Ter cada vez menos declara\u00e7\u00f5es retidas em malha&#8221;, afirmou o subsecret\u00e1rio de Arrecada\u00e7\u00e3o e Atendimento da Receita Federal, Carlos Roberto Occaso.<\/p>\n","protected":false},"excerpt":{"rendered":"<p>fonte: G1 A Secretaria da Receita Federal informou na segunda-feira (23) que os m\u00e9dicos passar\u00e3o a ter de informar a partir deste ano no carn\u00ea Le\u00e3o, entregue mensalmente, os valores pagos por pessoas f\u00edsicas e seus respectivos n\u00fameros de CPFs. Com isso, essas informa\u00e7\u00f5es ficar\u00e3o dispon\u00edveis para o Imposto de Renda de 2016 (ano-base 2015). [&hellip;]<\/p>\n","protected":false},"author":1,"featured_media":368,"comment_status":"closed","ping_status":"open","sticky":false,"template":"","format":"standard","meta":{"ngg_post_thumbnail":0,"footnotes":""},"categories":[2],"tags":[],"class_list":["post-367","post","type-post","status-publish","format-standard","has-post-thumbnail","hentry","category-noticias"],"aioseo_notices":[],"gutentor_comment":0,"_links":{"self":[{"href":"https:\/\/sobedrj.com.br\/novo\/wp-json\/wp\/v2\/posts\/367","targetHints":{"allow":["GET"]}}],"collection":[{"href":"https:\/\/sobedrj.com.br\/novo\/wp-json\/wp\/v2\/posts"}],"about":[{"href":"https:\/\/sobedrj.com.br\/novo\/wp-json\/wp\/v2\/types\/post"}],"author":[{"embeddable":true,"href":"https:\/\/sobedrj.com.br\/novo\/wp-json\/wp\/v2\/users\/1"}],"replies":[{"embeddable":true,"href":"https:\/\/sobedrj.com.br\/novo\/wp-json\/wp\/v2\/comments?post=367"}],"version-history":[{"count":1,"href":"https:\/\/sobedrj.com.br\/novo\/wp-json\/wp\/v2\/posts\/367\/revisions"}],"predecessor-version":[{"id":369,"href":"https:\/\/sobedrj.com.br\/novo\/wp-json\/wp\/v2\/posts\/367\/revisions\/369"}],"wp:featuredmedia":[{"embeddable":true,"href":"https:\/\/sobedrj.com.br\/novo\/wp-json\/wp\/v2\/media\/368"}],"wp:attachment":[{"href":"https:\/\/sobedrj.com.br\/novo\/wp-json\/wp\/v2\/media?parent=367"}],"wp:term":[{"taxonomy":"category","embeddable":true,"href":"https:\/\/sobedrj.com.br\/novo\/wp-json\/wp\/v2\/categories?post=367"},{"taxonomy":"post_tag","embeddable":true,"href":"https:\/\/sobedrj.com.br\/novo\/wp-json\/wp\/v2\/tags?post=367"}],"curies":[{"name":"wp","href":"https:\/\/api.w.org\/{rel}","templated":true}]}}