{"id":3686,"date":"2017-06-07T19:08:29","date_gmt":"2017-06-07T19:08:29","guid":{"rendered":"http:\/\/sobedrj.com.br\/novo\/?p=3686"},"modified":"2017-06-07T19:08:29","modified_gmt":"2017-06-07T19:08:29","slug":"entidades-medicas-discutem-novas-formas-de-remuneracao-em-simposio-da-amb","status":"publish","type":"post","link":"https:\/\/sobedrj.com.br\/novo\/2017\/06\/07\/entidades-medicas-discutem-novas-formas-de-remuneracao-em-simposio-da-amb\/","title":{"rendered":"Entidades m\u00e9dicas discutem novas formas de remunera\u00e7\u00e3o em simp\u00f3sio da AMB"},"content":{"rendered":"<p>fonte: SOBED<\/p>\n<p>No dia 31 de maio a Associa\u00e7\u00e3o M\u00e9dica Brasileira (AMB) promoveu Simp\u00f3sio Novas Formas de Remunera\u00e7\u00e3o: Causas e Consequ\u00eancias \u2013 uma avalia\u00e7\u00e3o cr\u00edtica. Com participa\u00e7\u00e3o de representantes da AMB, da Ag\u00eancia Nacional de Sa\u00fade Suplementar (ANS), do Conselho Federal de Medicina (CFM), da Funda\u00e7\u00e3o Get\u00falio Vargas (FGV), da UNIMED e do Grupo Santa Celina, contou com palestras sobre o trabalho m\u00e9dico a partir da an\u00e1lise do modelo atual de pagamento por procedimento.<\/p>\n<p>O encontro, que aconteceu no Hotel Meli\u00e1 Paulista, em S\u00e3o Paulo\/SP, contou com tr\u00eas confer\u00eancias, nas quais foram apresentadas diretrizes vigentes para empregados, presta\u00e7\u00e3o de servi\u00e7os para o Sistema \u00danico de Sa\u00fade, contratos tempor\u00e1rios, pessoa jur\u00eddica e funcion\u00e1rios p\u00fablicos; al\u00e9m de discuss\u00f5es sobre credenciamento pelo SUS e a precariza\u00e7\u00e3o da atua\u00e7\u00e3o do profissional \u2013 nesse ponto foi evidenciado o crescimento dos honor\u00e1rios sob a forma de pessoa jur\u00eddica, elevando os custos ao m\u00e9dico e o deixando sem garantias trabalhistas, haja vista os contratos s\u00e3o tempor\u00e1rios, por turno ou mistos (pagamento de um fixo por turno mais uma taxa por produtividade).<\/p>\n<p>A Dra. Ana Maria Zuccaro, presidente da Comiss\u00e3o de \u00c9tica, Defesa Profissional e Honor\u00e1rios M\u00e9dicos da SOBED, acompanhou a reuni\u00e3o e informou que os novos modelos apresentados consistem em \u201cpagamentos por resultados, baseados em crit\u00e9rios de qualidade ainda n\u00e3o bem definidos e na verticaliza\u00e7\u00e3o de grandes corpora\u00e7\u00f5es com ado\u00e7\u00f5es de protocolos cl\u00ednicos pr\u00e9-estabelecidos por equipe m\u00e9dica contratada\u201d.<\/p>\n<p>Ainda de acordo com a especialista, tamb\u00e9m foi assinalado que \u201cessas novas formas de remunera\u00e7\u00e3o visam reduzir os custos, haja vista a sa\u00fade suplementar perdeu nos \u00faltimos anos aproximadamente dois milh\u00f5es de clientes. Foi citado, inclusive, que a conten\u00e7\u00e3o de gastos n\u00e3o pretende qualificar o atendimento, mas gerenciar o desperd\u00edcio na sa\u00fade\u201d.<\/p>\n<p>Contudo, foi apontado na reuni\u00e3o que o pagamento por performance fere o c\u00f3digo de \u00e9tica m\u00e9dica, na qual o m\u00e9dico tem a remunera\u00e7\u00e3o pelo seu trabalho e n\u00e3o determinado pelo compromisso com resultado final. O CFM aproveitou o debate para alertar ao risco do grande n\u00famero de profissionais lan\u00e7ados no mercado pelas novas faculdades de medicina abertas, sua maioria com baixa capacita\u00e7\u00e3o, que seriam absorvidos nessa verticaliza\u00e7\u00e3o a baixo custo das corpora\u00e7\u00f5es.<\/p>\n<p>A AMB destacou que esta decis\u00e3o deve ser tomada com ampla consulta aos m\u00e9dicos. Comprometeram-se a encaminhar o tema \u00e0s sociedades de especialidades para discuss\u00e3o interna da adequa\u00e7\u00e3o ou n\u00e3o desses novos modelos, a partir de sua aplicabilidade \u00e0s diferentes \u00e1reas de atua\u00e7\u00e3o.<\/p>\n<p>\u201cDeste modo, aguardamos o resumo dos principais pontos que ser\u00e3o encaminhados pela AMB \u00e0 SOBED para iniciaremos a discuss\u00e3o pautada na finalidade ideal do modelo vigente ou das novas formas de remunera\u00e7\u00e3o\u201d, conclui a Dra. Ana Maria Zuccaro.<\/p>\n","protected":false},"excerpt":{"rendered":"<p>fonte: SOBED No dia 31 de maio a Associa\u00e7\u00e3o M\u00e9dica Brasileira (AMB) promoveu Simp\u00f3sio Novas Formas de Remunera\u00e7\u00e3o: Causas e Consequ\u00eancias \u2013 uma avalia\u00e7\u00e3o cr\u00edtica. Com participa\u00e7\u00e3o de representantes da AMB, da Ag\u00eancia Nacional de Sa\u00fade Suplementar (ANS), do Conselho Federal de Medicina (CFM), da Funda\u00e7\u00e3o Get\u00falio Vargas (FGV), da UNIMED e do Grupo Santa [&hellip;]<\/p>\n","protected":false},"author":1,"featured_media":3687,"comment_status":"closed","ping_status":"open","sticky":false,"template":"","format":"standard","meta":{"ngg_post_thumbnail":0,"footnotes":""},"categories":[2],"tags":[],"class_list":["post-3686","post","type-post","status-publish","format-standard","has-post-thumbnail","hentry","category-noticias"],"aioseo_notices":[],"gutentor_comment":0,"_links":{"self":[{"href":"https:\/\/sobedrj.com.br\/novo\/wp-json\/wp\/v2\/posts\/3686","targetHints":{"allow":["GET"]}}],"collection":[{"href":"https:\/\/sobedrj.com.br\/novo\/wp-json\/wp\/v2\/posts"}],"about":[{"href":"https:\/\/sobedrj.com.br\/novo\/wp-json\/wp\/v2\/types\/post"}],"author":[{"embeddable":true,"href":"https:\/\/sobedrj.com.br\/novo\/wp-json\/wp\/v2\/users\/1"}],"replies":[{"embeddable":true,"href":"https:\/\/sobedrj.com.br\/novo\/wp-json\/wp\/v2\/comments?post=3686"}],"version-history":[{"count":1,"href":"https:\/\/sobedrj.com.br\/novo\/wp-json\/wp\/v2\/posts\/3686\/revisions"}],"predecessor-version":[{"id":3688,"href":"https:\/\/sobedrj.com.br\/novo\/wp-json\/wp\/v2\/posts\/3686\/revisions\/3688"}],"wp:featuredmedia":[{"embeddable":true,"href":"https:\/\/sobedrj.com.br\/novo\/wp-json\/wp\/v2\/media\/3687"}],"wp:attachment":[{"href":"https:\/\/sobedrj.com.br\/novo\/wp-json\/wp\/v2\/media?parent=3686"}],"wp:term":[{"taxonomy":"category","embeddable":true,"href":"https:\/\/sobedrj.com.br\/novo\/wp-json\/wp\/v2\/categories?post=3686"},{"taxonomy":"post_tag","embeddable":true,"href":"https:\/\/sobedrj.com.br\/novo\/wp-json\/wp\/v2\/tags?post=3686"}],"curies":[{"name":"wp","href":"https:\/\/api.w.org\/{rel}","templated":true}]}}