{"id":3705,"date":"2017-07-24T15:03:42","date_gmt":"2017-07-24T15:03:42","guid":{"rendered":"http:\/\/sobedrj.com.br\/novo\/?p=3705"},"modified":"2017-08-01T22:06:44","modified_gmt":"2017-08-01T22:06:44","slug":"reuniao-cientifica-de-agosto-ocorre-no-dia-9-e-tera-palestra-do-dr-fauze-maluf-filho","status":"publish","type":"post","link":"https:\/\/sobedrj.com.br\/novo\/2017\/07\/24\/reuniao-cientifica-de-agosto-ocorre-no-dia-9-e-tera-palestra-do-dr-fauze-maluf-filho\/","title":{"rendered":"Reuni\u00e3o cient\u00edfica de agosto ocorre no dia 9 e ter\u00e1 palestra do Dr. Fauze Maluf Filho"},"content":{"rendered":"<p>Em julho n\u00e3o acontecer\u00e1 atividade cient\u00edfica da SOBED-RJ, mas em agosto as reuni\u00f5es cient\u00edficas est\u00e3o de volta com palestra do Dr. Fauze Maluf Filho, do Servi\u00e7o de Gastroenterologia da Universidade de S\u00e3o Paulo e Servi\u00e7o de Endoscopia do Instituto do C\u00e2ncer do Estado de S\u00e3o Paulo. Ele falar\u00e1 sobre <em>Novas Tecnologias em Endoscopia Digestiva: An\u00e1lise Cr\u00edtica<\/em>.<\/p>\n<p>O evento acontece\u00a0no dia 9 (quarta-feira), a partir das 19h, no audit\u00f3rio da Casa de Sa\u00fade S\u00e3o Jos\u00e9, no Humait\u00e1.<\/p>\n<p>Contamos com sua presen\u00e7a. A Casa de Sa\u00fade S\u00e3o Jos\u00e9 fica na Rua Macedo Sobrinho, 21.<\/p>\n<p><strong>SAIBA COMO CHEGAR<\/strong><\/p>\n<p style=\"text-align: center;\"><iframe loading=\"lazy\" src=\"https:\/\/www.google.com\/maps\/embed?pb=!1m12!1m8!1m3!1d7347.581728663119!2d-43.198713!3d-22.957928!3m2!1i1024!2i768!4f13.1!2m1!1sR.+Macedo+Sobrinho%2C+21+-+Humait%C3%A1+Rio+de+Janeiro+-+RJ+22271-080!5e0!3m2!1spt-BR!2sbr!4v1461694297747\" width=\"900\" height=\"400\" frameborder=\"0\" allowfullscreen=\"allowfullscreen\"><\/iframe><\/p>\n","protected":false},"excerpt":{"rendered":"<p>Em julho n\u00e3o acontecer\u00e1 atividade cient\u00edfica da SOBED-RJ, mas em agosto as reuni\u00f5es cient\u00edficas est\u00e3o de volta com palestra do Dr. Fauze Maluf Filho, do Servi\u00e7o de Gastroenterologia da Universidade de S\u00e3o Paulo e Servi\u00e7o de Endoscopia do Instituto do C\u00e2ncer do Estado de S\u00e3o Paulo. Ele falar\u00e1 sobre Novas Tecnologias em Endoscopia Digestiva: An\u00e1lise [&hellip;]<\/p>\n","protected":false},"author":1,"featured_media":0,"comment_status":"closed","ping_status":"open","sticky":false,"template":"","format":"standard","meta":{"ngg_post_thumbnail":0,"footnotes":""},"categories":[2],"tags":[],"class_list":["post-3705","post","type-post","status-publish","format-standard","hentry","category-noticias"],"aioseo_notices":[],"gutentor_comment":0,"_links":{"self":[{"href":"https:\/\/sobedrj.com.br\/novo\/wp-json\/wp\/v2\/posts\/3705","targetHints":{"allow":["GET"]}}],"collection":[{"href":"https:\/\/sobedrj.com.br\/novo\/wp-json\/wp\/v2\/posts"}],"about":[{"href":"https:\/\/sobedrj.com.br\/novo\/wp-json\/wp\/v2\/types\/post"}],"author":[{"embeddable":true,"href":"https:\/\/sobedrj.com.br\/novo\/wp-json\/wp\/v2\/users\/1"}],"replies":[{"embeddable":true,"href":"https:\/\/sobedrj.com.br\/novo\/wp-json\/wp\/v2\/comments?post=3705"}],"version-history":[{"count":4,"href":"https:\/\/sobedrj.com.br\/novo\/wp-json\/wp\/v2\/posts\/3705\/revisions"}],"predecessor-version":[{"id":3859,"href":"https:\/\/sobedrj.com.br\/novo\/wp-json\/wp\/v2\/posts\/3705\/revisions\/3859"}],"wp:attachment":[{"href":"https:\/\/sobedrj.com.br\/novo\/wp-json\/wp\/v2\/media?parent=3705"}],"wp:term":[{"taxonomy":"category","embeddable":true,"href":"https:\/\/sobedrj.com.br\/novo\/wp-json\/wp\/v2\/categories?post=3705"},{"taxonomy":"post_tag","embeddable":true,"href":"https:\/\/sobedrj.com.br\/novo\/wp-json\/wp\/v2\/tags?post=3705"}],"curies":[{"name":"wp","href":"https:\/\/api.w.org\/{rel}","templated":true}]}}