{"id":3714,"date":"2017-06-12T17:01:32","date_gmt":"2017-06-12T17:01:32","guid":{"rendered":"http:\/\/sobedrj.com.br\/novo\/?p=3714"},"modified":"2017-06-14T14:05:34","modified_gmt":"2017-06-14T14:05:34","slug":"cfm-divulga-norma-que-define-obrigacoes-de-diretorias-medicas","status":"publish","type":"post","link":"https:\/\/sobedrj.com.br\/novo\/2017\/06\/12\/cfm-divulga-norma-que-define-obrigacoes-de-diretorias-medicas\/","title":{"rendered":"CFM divulga norma que define obriga\u00e7\u00f5es de diretorias m\u00e9dicas"},"content":{"rendered":"<p>fonte: CFM<\/p>\n<p>O Conselho Federal de Medicina (CFM) definiu novos crit\u00e9rios para atua\u00e7\u00e3o de m\u00e9dicos que ocupem cargos de diretor t\u00e9cnico e cl\u00ednico nos estabelecimentos de assist\u00eancia m\u00e9dica em todo o Brasil. Para facilitar a divulga\u00e7\u00e3o dos principais pontos da Resolu\u00e7\u00e3o CFM n\u00ba 2.147\/2016, em vigor desde 24 de abril, o Setor de Imprensa da autarquia preparou uma apresenta\u00e7\u00e3o com pe\u00e7as visuais com as principais tarefas que afetam diretamente o funcionamento das unidades de sa\u00fade. Para ter acesso ao material em PDF, basta clicar no link abaixo.<\/p>\n<p><a href=\"http:\/\/portal.cfm.org.br\/images\/PDF\/apresentacaoresolucaodiretores.pdf\" target=\"_blank\" rel=\"noopener noreferrer\"><strong>CLIQUE AQUI PARA ACESSAR A APRESENTA\u00c7\u00c3O<\/strong><\/a><\/p>\n<p>A\u00a0Resolu\u00e7\u00e3o CFM n\u00ba 2.147\/2016 destaca que a presta\u00e7\u00e3o de assist\u00eancia m\u00e9dica e a garantia das condi\u00e7\u00f5es t\u00e9cnicas de atendimento nas institui\u00e7\u00f5es p\u00fablicas ou privadas s\u00e3o de responsabilidade do diretor t\u00e9cnico e do diretor cl\u00ednico, os quais, no \u00e2mbito de suas respectivas atribui\u00e7\u00f5es, responder\u00e3o perante o Conselho Regional de Medicina (CRM). A regra vale para todos os servi\u00e7os de assist\u00eancia m\u00e9dica (p\u00fablica ou privada) em qualquer ponto do territ\u00f3rio nacional.<\/p>\n<p>Pela Resolu\u00e7\u00e3o, o diretor t\u00e9cnico \u00e9 o m\u00e9dico que responde eticamente por todas as informa\u00e7\u00f5es prestadas perante os conselhos de medicina (federal ou regionais), podendo, inclusive, ser responsabilizado ou penalizado em caso de den\u00fancias comprovadas. Fica estabelecido, ainda, que os profissionais que forem investidos desse cargo devem organizar a escala de plantonistas, zelando para que n\u00e3o existam lacunas durante o per\u00edodo de funcionamento. Em qualquer aus\u00eancia de plantonistas, cabe a esse gestor tomar provid\u00eancias para solucionar o caso.<\/p>\n<p>O documento tamb\u00e9m lista as atribui\u00e7\u00f5es do diretor cl\u00ednico, entre as quais est\u00e1 dirigir e coordenar o corpo cl\u00ednico da institui\u00e7\u00e3o, supervisionar a execu\u00e7\u00e3o das atividades de assist\u00eancia m\u00e9dica e zelar pelo cumprimento do regimento interno. Entre suas atribui\u00e7\u00f5es tamb\u00e9m est\u00e3o assegurar condi\u00e7\u00f5es dignas de trabalho e os meios indispens\u00e1veis \u00e0 pr\u00e1tica m\u00e9dica, bem como garantir o pleno e aut\u00f4nomo funcionamento das comiss\u00f5es de \u00e9tica m\u00e9dica.<\/p>\n<p>A norma esclarece a obrigatoriedade de empresas ou institui\u00e7\u00f5es de intermedia\u00e7\u00e3o da presta\u00e7\u00e3o de servi\u00e7os m\u00e9dicos, como seguradoras de sa\u00fade, planos de sa\u00fade, cooperativas m\u00e9dicas e institui\u00e7\u00f5es de autogest\u00e3o, de contarem com esses profissionais como diretores t\u00e9cnicos. Investido nessa fun\u00e7\u00e3o junto aos planos e seguradoras de sa\u00fade, cabe ao m\u00e9dico zelar para que, na ocorr\u00eancia de glosas das faturas apresentadas, seja descrito o que foi glosado \u201ce, suas raz\u00f5es, solicitando ao m\u00e9dico, quando pessoa f\u00edsica, e ao diretor t\u00e9cnico, quando pessoas jur\u00eddicas, as devidas explica\u00e7\u00f5es, devendo as respostas ou justificativas ser formalizadas por escrito\u201d.<\/p>\n","protected":false},"excerpt":{"rendered":"<p>fonte: CFM O Conselho Federal de Medicina (CFM) definiu novos crit\u00e9rios para atua\u00e7\u00e3o de m\u00e9dicos que ocupem cargos de diretor t\u00e9cnico e cl\u00ednico nos estabelecimentos de assist\u00eancia m\u00e9dica em todo o Brasil. Para facilitar a divulga\u00e7\u00e3o dos principais pontos da Resolu\u00e7\u00e3o CFM n\u00ba 2.147\/2016, em vigor desde 24 de abril, o Setor de Imprensa da [&hellip;]<\/p>\n","protected":false},"author":1,"featured_media":3715,"comment_status":"closed","ping_status":"open","sticky":false,"template":"","format":"standard","meta":{"ngg_post_thumbnail":0,"footnotes":""},"categories":[2],"tags":[],"class_list":["post-3714","post","type-post","status-publish","format-standard","has-post-thumbnail","hentry","category-noticias"],"aioseo_notices":[],"gutentor_comment":0,"_links":{"self":[{"href":"https:\/\/sobedrj.com.br\/novo\/wp-json\/wp\/v2\/posts\/3714","targetHints":{"allow":["GET"]}}],"collection":[{"href":"https:\/\/sobedrj.com.br\/novo\/wp-json\/wp\/v2\/posts"}],"about":[{"href":"https:\/\/sobedrj.com.br\/novo\/wp-json\/wp\/v2\/types\/post"}],"author":[{"embeddable":true,"href":"https:\/\/sobedrj.com.br\/novo\/wp-json\/wp\/v2\/users\/1"}],"replies":[{"embeddable":true,"href":"https:\/\/sobedrj.com.br\/novo\/wp-json\/wp\/v2\/comments?post=3714"}],"version-history":[{"count":1,"href":"https:\/\/sobedrj.com.br\/novo\/wp-json\/wp\/v2\/posts\/3714\/revisions"}],"predecessor-version":[{"id":3716,"href":"https:\/\/sobedrj.com.br\/novo\/wp-json\/wp\/v2\/posts\/3714\/revisions\/3716"}],"wp:featuredmedia":[{"embeddable":true,"href":"https:\/\/sobedrj.com.br\/novo\/wp-json\/wp\/v2\/media\/3715"}],"wp:attachment":[{"href":"https:\/\/sobedrj.com.br\/novo\/wp-json\/wp\/v2\/media?parent=3714"}],"wp:term":[{"taxonomy":"category","embeddable":true,"href":"https:\/\/sobedrj.com.br\/novo\/wp-json\/wp\/v2\/categories?post=3714"},{"taxonomy":"post_tag","embeddable":true,"href":"https:\/\/sobedrj.com.br\/novo\/wp-json\/wp\/v2\/tags?post=3714"}],"curies":[{"name":"wp","href":"https:\/\/api.w.org\/{rel}","templated":true}]}}