{"id":3722,"date":"2017-06-12T17:41:12","date_gmt":"2017-06-12T17:41:12","guid":{"rendered":"http:\/\/sobedrj.com.br\/novo\/?p=3722"},"modified":"2017-09-19T13:05:33","modified_gmt":"2017-09-19T13:05:33","slug":"confira-a-programacao-de-reunioes-cientificas-da-sobed-rj-no-2o-semestre","status":"publish","type":"post","link":"https:\/\/sobedrj.com.br\/novo\/2017\/06\/12\/confira-a-programacao-de-reunioes-cientificas-da-sobed-rj-no-2o-semestre\/","title":{"rendered":"Confira a programa\u00e7\u00e3o de reuni\u00f5es cient\u00edficas da SOBED-RJ no 2\u00ba semestre"},"content":{"rendered":"<p>Em julho, n\u00e3o haver\u00e1 reuni\u00e3o cient\u00edfica da SOBED-RJ, mas os encontros mensais retornam em agosto, sempre em uma quarta-feira, \u00e0s 19h, no audit\u00f3rio da Casa de Sa\u00fade S\u00e3o Jos\u00e9, no Humait\u00e1.<\/p>\n<p>Confira a programa\u00e7\u00e3o do segundo semestre:<\/p>\n<p><strong>9 de agosto<\/strong><\/p>\n<p><a href=\"http:\/\/sobedrj.com.br\/novo\/2017\/06\/reuniao-cientifica-de-agosto-ocorre-no-dia-9-e-tera-palestra-do-dr-fauze-maluf-filho\/\"><em>Novas Tecnologias em Endoscopia Digestiva: An\u00e1lise Cr\u00edtica<\/em>, com o Dr. Fauze Maluf Filho (Servi\u00e7o de Gastroenterologia da Universidade de S\u00e3o Paulo e Servi\u00e7o de Endoscopia do Instituto do C\u00e2ncer do Estado de S\u00e3o Paulo)<\/a>.<\/p>\n<p><strong>setembro<\/strong><\/p>\n<p>N\u00e3o haver\u00e1 reuni\u00e3o<\/p>\n<p><strong>4 de outubro<\/strong><\/p>\n<p><a href=\"http:\/\/sobedrj.com.br\/novo\/2017\/06\/reuniao-cientifica-de-outubro-sera-no-dia-11-e-abordara-cancer-colorretal\/\"><em>C\u00e2ncer Colorretal: avan\u00e7os tecnol\u00f3gicos no diagn\u00f3stico e preven\u00e7\u00e3o<\/em>, com o Dr. Claudio Rolim Teixeira (PhD pela Universidade de Hiroshima)<\/a><\/p>\n<p><strong>novembro<\/strong><\/p>\n<p>N\u00e3o haver\u00e1 reuni\u00e3o<\/p>\n<p><strong>6 de dezembro<\/strong><\/p>\n<p>Programa\u00e7\u00e3o ser\u00e1 divulgada em breve<\/p>\n","protected":false},"excerpt":{"rendered":"<p>Em julho, n\u00e3o haver\u00e1 reuni\u00e3o cient\u00edfica da SOBED-RJ, mas os encontros mensais retornam em agosto, sempre em uma quarta-feira, \u00e0s 19h, no audit\u00f3rio da Casa de Sa\u00fade S\u00e3o Jos\u00e9, no Humait\u00e1. Confira a programa\u00e7\u00e3o do segundo semestre: 9 de agosto Novas Tecnologias em Endoscopia Digestiva: An\u00e1lise Cr\u00edtica, com o Dr. Fauze Maluf Filho (Servi\u00e7o de [&hellip;]<\/p>\n","protected":false},"author":1,"featured_media":2566,"comment_status":"closed","ping_status":"open","sticky":false,"template":"","format":"standard","meta":{"ngg_post_thumbnail":0,"footnotes":""},"categories":[2],"tags":[],"class_list":["post-3722","post","type-post","status-publish","format-standard","has-post-thumbnail","hentry","category-noticias"],"aioseo_notices":[],"gutentor_comment":0,"_links":{"self":[{"href":"https:\/\/sobedrj.com.br\/novo\/wp-json\/wp\/v2\/posts\/3722","targetHints":{"allow":["GET"]}}],"collection":[{"href":"https:\/\/sobedrj.com.br\/novo\/wp-json\/wp\/v2\/posts"}],"about":[{"href":"https:\/\/sobedrj.com.br\/novo\/wp-json\/wp\/v2\/types\/post"}],"author":[{"embeddable":true,"href":"https:\/\/sobedrj.com.br\/novo\/wp-json\/wp\/v2\/users\/1"}],"replies":[{"embeddable":true,"href":"https:\/\/sobedrj.com.br\/novo\/wp-json\/wp\/v2\/comments?post=3722"}],"version-history":[{"count":2,"href":"https:\/\/sobedrj.com.br\/novo\/wp-json\/wp\/v2\/posts\/3722\/revisions"}],"predecessor-version":[{"id":3728,"href":"https:\/\/sobedrj.com.br\/novo\/wp-json\/wp\/v2\/posts\/3722\/revisions\/3728"}],"wp:featuredmedia":[{"embeddable":true,"href":"https:\/\/sobedrj.com.br\/novo\/wp-json\/wp\/v2\/media\/2566"}],"wp:attachment":[{"href":"https:\/\/sobedrj.com.br\/novo\/wp-json\/wp\/v2\/media?parent=3722"}],"wp:term":[{"taxonomy":"category","embeddable":true,"href":"https:\/\/sobedrj.com.br\/novo\/wp-json\/wp\/v2\/categories?post=3722"},{"taxonomy":"post_tag","embeddable":true,"href":"https:\/\/sobedrj.com.br\/novo\/wp-json\/wp\/v2\/tags?post=3722"}],"curies":[{"name":"wp","href":"https:\/\/api.w.org\/{rel}","templated":true}]}}