{"id":3726,"date":"2017-06-01T18:20:33","date_gmt":"2017-06-01T18:20:33","guid":{"rendered":"http:\/\/sobedrj.com.br\/novo\/?p=3726"},"modified":"2017-06-12T18:24:02","modified_gmt":"2017-06-12T18:24:02","slug":"reuniao-cientifica-de-outubro-sera-no-dia-4-e-abordara-cancer-colorretal","status":"publish","type":"post","link":"https:\/\/sobedrj.com.br\/novo\/2017\/06\/01\/reuniao-cientifica-de-outubro-sera-no-dia-4-e-abordara-cancer-colorretal\/","title":{"rendered":"Reuni\u00e3o cient\u00edfica de outubro ser\u00e1 no dia 4 e abordar\u00e1 C\u00e2ncer Colorretal"},"content":{"rendered":"<p>A reuni\u00e3o cient\u00edfica de agosto\u00a0da SOBED-RJ ocorre no dia 4\u00a0(quarta-feira), a partir das 19h, no audit\u00f3rio da Casa de Sa\u00fade S\u00e3o Jos\u00e9, no Humait\u00e1.<\/p>\n<p>O evento contar\u00e1 com palestra sobre <em>C\u00e2ncer Colorretal: avan\u00e7os tecnol\u00f3gicos no diagn\u00f3stico e preven\u00e7\u00e3o<\/em>, com o Dr. Claudio Rolim Teixeira (PhD pela Universidade de Hiroshima).<\/p>\n<p>Contamos com sua presen\u00e7a. A Casa de Sa\u00fade S\u00e3o Jos\u00e9 fica na Rua Macedo Sobrinho, 21.<\/p>\n<p><strong>SAIBA COMO CHEGAR<\/strong><\/p>\n<p style=\"text-align: center;\"><iframe loading=\"lazy\" src=\"https:\/\/www.google.com\/maps\/embed?pb=!1m12!1m8!1m3!1d7347.581728663119!2d-43.198713!3d-22.957928!3m2!1i1024!2i768!4f13.1!2m1!1sR.+Macedo+Sobrinho%2C+21+-+Humait%C3%A1+Rio+de+Janeiro+-+RJ+22271-080!5e0!3m2!1spt-BR!2sbr!4v1461694297747\" width=\"900\" height=\"400\" frameborder=\"0\" allowfullscreen=\"allowfullscreen\"><\/iframe><\/p>\n","protected":false},"excerpt":{"rendered":"<p>A reuni\u00e3o cient\u00edfica de agosto\u00a0da SOBED-RJ ocorre no dia 4\u00a0(quarta-feira), a partir das 19h, no audit\u00f3rio da Casa de Sa\u00fade S\u00e3o Jos\u00e9, no Humait\u00e1. O evento contar\u00e1 com palestra sobre C\u00e2ncer Colorretal: avan\u00e7os tecnol\u00f3gicos no diagn\u00f3stico e preven\u00e7\u00e3o, com o Dr. Claudio Rolim Teixeira (PhD pela Universidade de Hiroshima). Contamos com sua presen\u00e7a. A Casa [&hellip;]<\/p>\n","protected":false},"author":1,"featured_media":0,"comment_status":"closed","ping_status":"open","sticky":false,"template":"","format":"standard","meta":{"ngg_post_thumbnail":0,"footnotes":""},"categories":[2],"tags":[],"class_list":["post-3726","post","type-post","status-publish","format-standard","hentry","category-noticias"],"aioseo_notices":[],"gutentor_comment":0,"_links":{"self":[{"href":"https:\/\/sobedrj.com.br\/novo\/wp-json\/wp\/v2\/posts\/3726","targetHints":{"allow":["GET"]}}],"collection":[{"href":"https:\/\/sobedrj.com.br\/novo\/wp-json\/wp\/v2\/posts"}],"about":[{"href":"https:\/\/sobedrj.com.br\/novo\/wp-json\/wp\/v2\/types\/post"}],"author":[{"embeddable":true,"href":"https:\/\/sobedrj.com.br\/novo\/wp-json\/wp\/v2\/users\/1"}],"replies":[{"embeddable":true,"href":"https:\/\/sobedrj.com.br\/novo\/wp-json\/wp\/v2\/comments?post=3726"}],"version-history":[{"count":2,"href":"https:\/\/sobedrj.com.br\/novo\/wp-json\/wp\/v2\/posts\/3726\/revisions"}],"predecessor-version":[{"id":3729,"href":"https:\/\/sobedrj.com.br\/novo\/wp-json\/wp\/v2\/posts\/3726\/revisions\/3729"}],"wp:attachment":[{"href":"https:\/\/sobedrj.com.br\/novo\/wp-json\/wp\/v2\/media?parent=3726"}],"wp:term":[{"taxonomy":"category","embeddable":true,"href":"https:\/\/sobedrj.com.br\/novo\/wp-json\/wp\/v2\/categories?post=3726"},{"taxonomy":"post_tag","embeddable":true,"href":"https:\/\/sobedrj.com.br\/novo\/wp-json\/wp\/v2\/tags?post=3726"}],"curies":[{"name":"wp","href":"https:\/\/api.w.org\/{rel}","templated":true}]}}