{"id":3836,"date":"2017-07-05T14:19:51","date_gmt":"2017-07-05T14:19:51","guid":{"rendered":"http:\/\/sobedrj.com.br\/novo\/?p=3836"},"modified":"2017-08-01T22:06:52","modified_gmt":"2017-08-01T22:06:52","slug":"consulta-publica-ans-sobre-procedimentos-endoscopicos-sua-participacao-e-muito-importante-saiba-mais","status":"publish","type":"post","link":"https:\/\/sobedrj.com.br\/novo\/2017\/07\/05\/consulta-publica-ans-sobre-procedimentos-endoscopicos-sua-participacao-e-muito-importante-saiba-mais\/","title":{"rendered":"Consulta p\u00fablica ANS sobre procedimentos endosc\u00f3picos. Sua participa\u00e7\u00e3o \u00e9 muito importante. Saiba mais!"},"content":{"rendered":"<p>fonte: SOBED<\/p>\n<p>A SOBED encaminhou para a inclus\u00e3o no Rol de Procedimentos da Ag\u00eancia Nacional de Sa\u00fade dois importantes procedimentos: a c\u00e1psula endosc\u00f3pica e a econeurolise do plexo cel\u00edaco.<\/p>\n<p>Presidente da Comiss\u00e3o de \u00c9tica, Defesa Profissional e Honor\u00e1rios M\u00e9dicos da SOBED, a Dra. Ana Zuccaro apresentou ambas as propostas ao \u00f3rg\u00e3o nacional. \u201cAp\u00f3s mais ano de trabalho \u00e1rduo que envolveu v\u00e1rios colegas, nossas propostas foram aceitos pelo Grupo T\u00e9cnico da Comit\u00ea Permanente de Regula\u00e7\u00e3o da Aten\u00e7\u00e3o \u00e0 Sa\u00fade (COSA\u00daDE)\u00a0como \u2018<b><strong>em conformidade para a inclus\u00e3o no Rol de Procedimentos\u2019<\/strong><\/b>, ou seja, atendemos a todas as especifica\u00e7\u00f5es demandadas pela ANS\u201d, conta.<\/p>\n<p>Embora tenhamos demonstrado a relev\u00e2ncia dos procedimentos, a efetividade, as evid\u00eancias cient\u00edficas, a distribui\u00e7\u00e3o geogr\u00e1fica com disponibilidade dos m\u00e9todos em todo o territ\u00f3rio brasileiro e o emprego desses procedimentos pelos Sistemas de Sa\u00fade da Inglaterra, Canad\u00e1 e Austr\u00e1lia, a conclus\u00e3o do Relat\u00f3rio Final da COSA\u00daDE foi de\u00a0<b><strong>N\u00c3O acatar incorpora\u00e7\u00e3o de ambos os procedimentos.<\/strong><\/b><\/p>\n<p>\u201cFicamos perplexos com a incoer\u00eancia em considerar os procedimentos em conformidade para a inclus\u00e3o no Rol da ANS e depois conclu\u00edrem por \u2018<b><strong>N\u00c3O ACATAR A INCLUS\u00c3O\u2019.\u00a0<\/strong><\/b>Mesmo considerando os interesses das operadoras em n\u00e3o elevar seus custos, com representa\u00e7\u00e3o importante em n\u00famero de membros da COSA\u00daDE, os procedimentos propostos s\u00e3o de baixa incid\u00eancia, aplicados em casos espec\u00edficos. Certamente n\u00e3o impactam no universo dos custos das operadoras\u201d, afirma Zuccaro.<\/p>\n<p><a href=\"http:\/\/www.ans.gov.br\/participacao-da-sociedade\/consultas-e-participacoes-publicas\/consulta-publica-61-rn-do-rol-de-procedimentos-e-eventos-em-saude\" target=\"_blank\" rel=\"noopener noreferrer\">PARTICIPE DA CONSULTA P\u00daBLICA<\/a><\/p>\n<p>O Presidente da SOBED, Dr. Fl\u00e1vio Ejima, j\u00e1 enviou uma carta \u00e0 ANS demonstrando a perplexidade da Sociedade diante da incoer\u00eancia deste Relat\u00f3rio Final, que julga em conformidade para inclus\u00e3o no Rol e, entretanto, n\u00e3o recomendam a inclus\u00e3o.<\/p>\n<p>A Consulta P\u00fablica est\u00e1 aberta at\u00e9 o dia 27 de julho de 2017.<\/p>\n<p>Convocamos todos os endoscopistas a acessarem o site da ANS e no campo \u201c<b><strong>Fa\u00e7a a sua contribui\u00e7\u00e3o\u201d\u00a0<\/strong><\/b>identifique-se, depois em \u201cTipo de Contribui\u00e7\u00e3o\u201d coloquem i<b><strong>nclus\u00e3o<\/strong><\/b>, em\u00a0<b><strong>Lista de procedimentos\u00a0<\/strong><\/b>tecle\u00a0<b><strong>continuar.\u00a0<\/strong><\/b>Surgir\u00e3o 2 telas. Na primeira,\u00a0<b><strong>Nome dos procedimentos a serem inclu\u00eddos: coloquem ecoendoscopia com neur\u00f3lise do plexo cel\u00edaco e enteroscopia com c\u00e1psula endosc\u00f3pica.\u00a0<\/strong><\/b>No campo\u00a0<b><strong>Justifique,<\/strong><\/b>\u00a0sugerimos:\u00a0<b><strong>Solicitamos a incorpora\u00e7\u00e3o dos procedimentos propostos pela SOBED, que foram analisados como &#8220;em conformidade&#8221; pelo GT da COSA\u00daDE. S\u00e3o de import\u00e2ncia inquestion\u00e1vel para a clientela proposta, est\u00e3o dispon\u00edveis em todos os estados brasileiros, s\u00e3o considerados padr\u00e3o ouro em todos os pa\u00edses para a utiliza\u00e7\u00e3o proposta e n\u00e3o causa impacto nos custos das operadoras por serem de baixa incid\u00eancia.<\/strong><\/b><\/p>\n<p>\u201cSolicitamos a divulga\u00e7\u00e3o junto aos colegas de todas as especialidades, pacientes e amigos. Se a ANS realmente quer ouvir a opini\u00e3o p\u00fablica, daremos nossa opini\u00e3o. Vamos nos unir e fazer prevalecer a \u2018medicina baseada em evid\u00eancias\u2019 sobre a \u2018Medicina baseada em lucro para as operadoras\u2019\u201d, refor\u00e7a.<\/p>\n<p>Colabore. Acesse. Opine. Divulgue.\u00a0<b><strong><u><a href=\"http:\/\/www.ans.gov.br\/participacao-da-sociedade\/consultas-e-participacoes-publicas\/consulta-publica-61-rn-do-rol-de-procedimentos-e-eventos-em-saude\">Clique aqui<\/a><\/u><\/strong><\/b>.<\/p>\n","protected":false},"excerpt":{"rendered":"<p>fonte: SOBED A SOBED encaminhou para a inclus\u00e3o no Rol de Procedimentos da Ag\u00eancia Nacional de Sa\u00fade dois importantes procedimentos: a c\u00e1psula endosc\u00f3pica e a econeurolise do plexo cel\u00edaco. Presidente da Comiss\u00e3o de \u00c9tica, Defesa Profissional e Honor\u00e1rios M\u00e9dicos da SOBED, a Dra. Ana Zuccaro apresentou ambas as propostas ao \u00f3rg\u00e3o nacional. \u201cAp\u00f3s mais ano [&hellip;]<\/p>\n","protected":false},"author":1,"featured_media":3838,"comment_status":"closed","ping_status":"open","sticky":false,"template":"","format":"standard","meta":{"ngg_post_thumbnail":0,"footnotes":""},"categories":[2],"tags":[],"class_list":["post-3836","post","type-post","status-publish","format-standard","has-post-thumbnail","hentry","category-noticias"],"aioseo_notices":[],"gutentor_comment":0,"_links":{"self":[{"href":"https:\/\/sobedrj.com.br\/novo\/wp-json\/wp\/v2\/posts\/3836","targetHints":{"allow":["GET"]}}],"collection":[{"href":"https:\/\/sobedrj.com.br\/novo\/wp-json\/wp\/v2\/posts"}],"about":[{"href":"https:\/\/sobedrj.com.br\/novo\/wp-json\/wp\/v2\/types\/post"}],"author":[{"embeddable":true,"href":"https:\/\/sobedrj.com.br\/novo\/wp-json\/wp\/v2\/users\/1"}],"replies":[{"embeddable":true,"href":"https:\/\/sobedrj.com.br\/novo\/wp-json\/wp\/v2\/comments?post=3836"}],"version-history":[{"count":1,"href":"https:\/\/sobedrj.com.br\/novo\/wp-json\/wp\/v2\/posts\/3836\/revisions"}],"predecessor-version":[{"id":3837,"href":"https:\/\/sobedrj.com.br\/novo\/wp-json\/wp\/v2\/posts\/3836\/revisions\/3837"}],"wp:featuredmedia":[{"embeddable":true,"href":"https:\/\/sobedrj.com.br\/novo\/wp-json\/wp\/v2\/media\/3838"}],"wp:attachment":[{"href":"https:\/\/sobedrj.com.br\/novo\/wp-json\/wp\/v2\/media?parent=3836"}],"wp:term":[{"taxonomy":"category","embeddable":true,"href":"https:\/\/sobedrj.com.br\/novo\/wp-json\/wp\/v2\/categories?post=3836"},{"taxonomy":"post_tag","embeddable":true,"href":"https:\/\/sobedrj.com.br\/novo\/wp-json\/wp\/v2\/tags?post=3836"}],"curies":[{"name":"wp","href":"https:\/\/api.w.org\/{rel}","templated":true}]}}