{"id":3922,"date":"2017-07-24T14:47:54","date_gmt":"2017-07-24T14:47:54","guid":{"rendered":"http:\/\/sobedrj.com.br\/novo\/?p=3922"},"modified":"2017-07-25T11:50:25","modified_gmt":"2017-07-25T11:50:25","slug":"sbad-ja-tem-programacao-preliminar-confira","status":"publish","type":"post","link":"https:\/\/sobedrj.com.br\/novo\/2017\/07\/24\/sbad-ja-tem-programacao-preliminar-confira\/","title":{"rendered":"SBAD j\u00e1 tem programa\u00e7\u00e3o preliminar. Confira!"},"content":{"rendered":"<p>fonte: SOBED<\/p>\n<div>No site da <a href=\"http:\/\/www.sbad2017.com.br\/\">XVI Semana Brasileira do Aparelho Digestivo<\/a> j\u00e1 \u00e9 poss\u00edvel conferir a programa\u00e7\u00e3o preliminar do evento. Durante os cinco dias de intensa atualiza\u00e7\u00e3o cient\u00edfica e troca de conhecimento entre especialistas de todo o Pa\u00eds, acontecer\u00e3o cursos pr\u00e9-congresso; confer\u00eancias internacionais, mesas redondas, simp\u00f3sios, discuss\u00e3o de casos cl\u00ednicos e oficinas.<\/p>\n<\/div>\n<div>Dentre os destaques est\u00e1 o Curso de Finan\u00e7as para Cl\u00ednicas e Consult\u00f3rios, ministrado no dia 12 de novembro. Dividido em quatro blocos, abordar\u00e1 o papel dos s\u00f3cios, a import\u00e2ncia da documenta\u00e7\u00e3o financeira, demonstrativos de resultados, controles gerenciais e avalia\u00e7\u00e3o de investimento, entre outros temas.<\/p>\n<\/div>\n<div>Ainda, a SOBED est\u00e1 organizando Centros de Treinamento, V\u00eddeo F\u00f3runs, e F\u00f3rum de Assuntos Estrat\u00e9gicos, al\u00e9m da Prova de T\u00edtulo de Especialista e sess\u00e3o Teste Seus Conhecimentos.<\/div>\n<div><\/div>\n<div>Clique<span class=\"Apple-converted-space\">\u00a0<\/span><a href=\"http:\/\/www.sbad2017.com.br\/programacao\/index.php\" target=\"_blank\" rel=\"noopener noreferrer\">aqui<\/a>\u00a0para conferir a programa\u00e7\u00e3o preliminar, aproveite e inscreva-se: a SBAD acontece em Bras\u00edlia\/DF, de 11 a 15 de novembro!<\/div>\n","protected":false},"excerpt":{"rendered":"<p>fonte: SOBED No site da XVI Semana Brasileira do Aparelho Digestivo j\u00e1 \u00e9 poss\u00edvel conferir a programa\u00e7\u00e3o preliminar do evento. Durante os cinco dias de intensa atualiza\u00e7\u00e3o cient\u00edfica e troca de conhecimento entre especialistas de todo o Pa\u00eds, acontecer\u00e3o cursos pr\u00e9-congresso; confer\u00eancias internacionais, mesas redondas, simp\u00f3sios, discuss\u00e3o de casos cl\u00ednicos e oficinas. Dentre os destaques [&hellip;]<\/p>\n","protected":false},"author":1,"featured_media":3794,"comment_status":"closed","ping_status":"open","sticky":false,"template":"","format":"standard","meta":{"ngg_post_thumbnail":0,"footnotes":""},"categories":[2],"tags":[],"class_list":["post-3922","post","type-post","status-publish","format-standard","has-post-thumbnail","hentry","category-noticias"],"aioseo_notices":[],"gutentor_comment":0,"_links":{"self":[{"href":"https:\/\/sobedrj.com.br\/novo\/wp-json\/wp\/v2\/posts\/3922","targetHints":{"allow":["GET"]}}],"collection":[{"href":"https:\/\/sobedrj.com.br\/novo\/wp-json\/wp\/v2\/posts"}],"about":[{"href":"https:\/\/sobedrj.com.br\/novo\/wp-json\/wp\/v2\/types\/post"}],"author":[{"embeddable":true,"href":"https:\/\/sobedrj.com.br\/novo\/wp-json\/wp\/v2\/users\/1"}],"replies":[{"embeddable":true,"href":"https:\/\/sobedrj.com.br\/novo\/wp-json\/wp\/v2\/comments?post=3922"}],"version-history":[{"count":1,"href":"https:\/\/sobedrj.com.br\/novo\/wp-json\/wp\/v2\/posts\/3922\/revisions"}],"predecessor-version":[{"id":3923,"href":"https:\/\/sobedrj.com.br\/novo\/wp-json\/wp\/v2\/posts\/3922\/revisions\/3923"}],"wp:featuredmedia":[{"embeddable":true,"href":"https:\/\/sobedrj.com.br\/novo\/wp-json\/wp\/v2\/media\/3794"}],"wp:attachment":[{"href":"https:\/\/sobedrj.com.br\/novo\/wp-json\/wp\/v2\/media?parent=3922"}],"wp:term":[{"taxonomy":"category","embeddable":true,"href":"https:\/\/sobedrj.com.br\/novo\/wp-json\/wp\/v2\/categories?post=3922"},{"taxonomy":"post_tag","embeddable":true,"href":"https:\/\/sobedrj.com.br\/novo\/wp-json\/wp\/v2\/tags?post=3922"}],"curies":[{"name":"wp","href":"https:\/\/api.w.org\/{rel}","templated":true}]}}