{"id":4359,"date":"2017-10-25T10:26:27","date_gmt":"2017-10-25T10:26:27","guid":{"rendered":"http:\/\/sobedrj.com.br\/novo\/?p=4359"},"modified":"2017-11-08T09:41:13","modified_gmt":"2017-11-08T09:41:13","slug":"seguro-morreu-de-velho","status":"publish","type":"post","link":"https:\/\/sobedrj.com.br\/novo\/2017\/10\/25\/seguro-morreu-de-velho\/","title":{"rendered":"Seguro morreu de velho"},"content":{"rendered":"<p>fonte: O Globo<\/p>\n<p>por L\u00edgia Bahia,\u00a0<em>professora da UFRJ.<\/em><\/p>\n<p>A prioridade para idosos em filas, viagens em transportes p\u00fablicos, vagas em estacionamentos n\u00e3o \u00e9 extensiva \u00e0 sa\u00fade.<\/p>\n<p>No SUS, frequentemente, faltam acesso e dignidade no atendimento para crian\u00e7as ou adultos, e os planos privados se tornam gradativamente mais caros para os longevos.<\/p>\n<p>Velhos encontram algumas facilidades para enfrentar a vida cotidiana nas cidades, mas nenhuma tranquilidade sobre futuros ou atuais atendimentos a problemas de sa\u00fade.<\/p>\n<p>Os direitos para idosos tenderam a ficar represados em \u00e1reas nas quais as escolhas sobre benef\u00edcios e custos n\u00e3o s\u00e3o t\u00e3o cruciais.<\/p>\n<p>Os cuidados \u00e0 sa\u00fade e as tecnologias contribuem para o aumento da expectativa e qualidade da vida, mas pressionam or\u00e7amentos p\u00fablicos e privados.<\/p>\n<p>Minimizar direitos ou o impacto de gastos crescentes com sa\u00fade \u00e9 antidemocr\u00e1tico e inspira concep\u00e7\u00f5es sombrias ou irrealistas.<\/p>\n<p>A proposta de empresas de planos e alguns parlamentares de altera\u00e7\u00e3o da lei de planos de sa\u00fade \u00e9 obscura.<\/p>\n<p>A sugest\u00e3o que tramita no Congresso Nacional estabelece aumentos sobrepostos das mensalidades para idosos.<\/p>\n<p>Al\u00e9m dos reajustes anuais, sempre acima da infla\u00e7\u00e3o, querem impor taxas quinquenais de envelhecimento.<\/p>\n<p>Em um primeiro momento, para os clientes, pode at\u00e9 parecer uma boa ideia, pois o impacto financeiro devido \u00e0 entrada nesta \u00faltima faixa et\u00e1ria seria \u201caliviado\u201d.<\/p>\n<p>Mas a longo prazo, considerando que, em geral, a expectativa de vida tem aumentado, ser\u00e1 muito mais interessante para as empresas.<\/p>\n<p>N\u00e3o \u00e9 impr\u00f3prio supor que a perspectiva de manuten\u00e7\u00e3o de idosos mais \u201cjovens\u201d, com menos riscos, est\u00e1 baseada no seguinte c\u00e1lculo: ficar com os rec\u00e9m-chegados \u00e0 velhice e impedir a perman\u00eancia dos demais.<\/p>\n<p>Se a regra for aprovada, a partir de certa idade cada anivers\u00e1rio ser\u00e1 uma amea\u00e7a, e n\u00e3o celebra\u00e7\u00e3o.<\/p>\n<p>O envelhecimento da popula\u00e7\u00e3o \u00e9 um indicador de desenvolvimento. N\u00e3o foi por acaso que Serra Leoa, cujos habitantes tinham uma expectativa de vida de 50,8 em 2015, se tornou o epicentro da epidemia de ebola.<\/p>\n<p>No Brasil, a m\u00e9dia era 75,5, e 79,1 anos para mulheres. Para as brasileiras com 65 anos, a chance de viver mais atingiu 18,4 anos.<\/p>\n<p>Ou seja, quase 20 anos para arcar com o ac\u00famulo de aumentos aritm\u00e9ticos sobre os quais incidir\u00e3o tr\u00eas ou quatro fatores multiplicadores (64, 69 e assim em diante).<\/p>\n<p>Negar ou cercear acesso \u00e0 assist\u00eancia de rotina e medicamentos para press\u00e3o alta, diabetes, hepatite e c\u00e2nceres aumenta a probabilidade de morrer mais cedo. Restri\u00e7\u00f5es dos gastos p\u00fablicos e libera\u00e7\u00e3o da comercializa\u00e7\u00e3o de planos que afastam quem mais precisa de cuidados afetam objetivamente a longevidade.<\/p>\n<p>Quando interesses empresariais e eleitorais imediatistas vicejam, as possibilidades de reafirmar alternativas mais abrangentes de pertencimento comum e proveito coletivo s\u00e3o indevidamente caracterizadas como invi\u00e1veis. A recusa ao debate impede que as quest\u00f5es realmente cr\u00edticas sejam examinadas.<\/p>\n<p>A escala e qualidade dos direitos \u00e0 sa\u00fade e o modo como devemos financi\u00e1-los n\u00e3o podem ser dissociados da defini\u00e7\u00e3o de um padr\u00e3o de inova\u00e7\u00e3o e uso de a\u00e7\u00f5es de sa\u00fade adequados para o pa\u00eds.<\/p>\n<p>Ao inv\u00e9s da exposi\u00e7\u00e3o clara de diverg\u00eancias e argumentos opostos, a determina\u00e7\u00e3o de um grupo de empres\u00e1rios \u00e9 de que o pa\u00eds desista de buscar a concilia\u00e7\u00e3o de compromissos e solu\u00e7\u00f5es incrementais e compartilhadas para a sa\u00fade.<\/p>\n<p>Curiosamente, os defensores da cobran\u00e7a turbinada para idosos s\u00e3o velhos, ou pr\u00e9-velhos, que n\u00e3o se reconhecem sequer nas estat\u00edsticas. S\u00e3o estranhos na sua pr\u00f3pria terra e na humanidade.<\/p>\n<p>Atualmente, a propor\u00e7\u00e3o de pessoas acima de 60 anos na popula\u00e7\u00e3o \u00e9 de 12,5%, e de vinculados a planos, 13,2%.<\/p>\n<p>A \u201ccarga n\u00e3o \u00e9 pesada\u201d \u2014 como os regimes de pr\u00e9-pagamento pressup\u00f5em a conforma\u00e7\u00e3o de fundos para dilui\u00e7\u00e3o dos riscos, pagam os jovens pelos velhos, e os sadios pelos doentes, a conta fecha \u2014, desde que n\u00e3o se pretenda extrair lucros r\u00e1pidos e exorbitantes em uma \u00e1rea t\u00e3o sens\u00edvel.<\/p>\n<p>Mesmo um super bem-sucedido indiv\u00edduo imerso em hipermercado livre necessitar\u00e1 cuidados de outros quando ficar doente. A ades\u00e3o quase tot\u00eamica aos valores do tipo \u201ceu resolvo e fiz por merecer\u201d n\u00e3o tem sentido na sa\u00fade.<\/p>\n<p>Decis\u00f5es relevantes sobre a vida e longevidade n\u00e3o deveriam ser deixadas ao sabor das propositais ajeitadas, via governo, do mercado.<\/p>\n<p>O projeto de lei prev\u00ea a expuls\u00e3o de velhos e transforma o SUS em prestador de servi\u00e7os para os planos. Os fundamentos de qualquer sistema de sa\u00fade incluem o incremento da preven\u00e7\u00e3o, esfor\u00e7os para realizar diagn\u00f3sticos e tratamentos precoces e evitar tratamentos ineficazes.<\/p>\n<p>Uma lei que, no primeiro artigo, prev\u00ea a restri\u00e7\u00e3o de coberturas mediante segmenta\u00e7\u00e3o, desiste de buscar possibilidades mais abrangentes de pertencimento comum e proveito coletivo e reafirma regras de uma estratifica\u00e7\u00e3o social injusta: em primeiro lugar, ricos e saud\u00e1veis, em \u00faltimo, as pessoas cujos antepassados foram escravizados.<\/p>\n","protected":false},"excerpt":{"rendered":"<p>fonte: O Globo por L\u00edgia Bahia,\u00a0professora da UFRJ. A prioridade para idosos em filas, viagens em transportes p\u00fablicos, vagas em estacionamentos n\u00e3o \u00e9 extensiva \u00e0 sa\u00fade. No SUS, frequentemente, faltam acesso e dignidade no atendimento para crian\u00e7as ou adultos, e os planos privados se tornam gradativamente mais caros para os longevos. Velhos encontram algumas facilidades [&hellip;]<\/p>\n","protected":false},"author":1,"featured_media":151,"comment_status":"closed","ping_status":"open","sticky":false,"template":"","format":"standard","meta":{"ngg_post_thumbnail":0,"footnotes":""},"categories":[4],"tags":[],"class_list":["post-4359","post","type-post","status-publish","format-standard","has-post-thumbnail","hentry","category-artigos_cientificos"],"aioseo_notices":[],"gutentor_comment":0,"_links":{"self":[{"href":"https:\/\/sobedrj.com.br\/novo\/wp-json\/wp\/v2\/posts\/4359","targetHints":{"allow":["GET"]}}],"collection":[{"href":"https:\/\/sobedrj.com.br\/novo\/wp-json\/wp\/v2\/posts"}],"about":[{"href":"https:\/\/sobedrj.com.br\/novo\/wp-json\/wp\/v2\/types\/post"}],"author":[{"embeddable":true,"href":"https:\/\/sobedrj.com.br\/novo\/wp-json\/wp\/v2\/users\/1"}],"replies":[{"embeddable":true,"href":"https:\/\/sobedrj.com.br\/novo\/wp-json\/wp\/v2\/comments?post=4359"}],"version-history":[{"count":1,"href":"https:\/\/sobedrj.com.br\/novo\/wp-json\/wp\/v2\/posts\/4359\/revisions"}],"predecessor-version":[{"id":4360,"href":"https:\/\/sobedrj.com.br\/novo\/wp-json\/wp\/v2\/posts\/4359\/revisions\/4360"}],"wp:featuredmedia":[{"embeddable":true,"href":"https:\/\/sobedrj.com.br\/novo\/wp-json\/wp\/v2\/media\/151"}],"wp:attachment":[{"href":"https:\/\/sobedrj.com.br\/novo\/wp-json\/wp\/v2\/media?parent=4359"}],"wp:term":[{"taxonomy":"category","embeddable":true,"href":"https:\/\/sobedrj.com.br\/novo\/wp-json\/wp\/v2\/categories?post=4359"},{"taxonomy":"post_tag","embeddable":true,"href":"https:\/\/sobedrj.com.br\/novo\/wp-json\/wp\/v2\/tags?post=4359"}],"curies":[{"name":"wp","href":"https:\/\/api.w.org\/{rel}","templated":true}]}}