{"id":4371,"date":"2017-10-30T13:15:53","date_gmt":"2017-10-30T13:15:53","guid":{"rendered":"http:\/\/sobedrj.com.br\/novo\/?p=4371"},"modified":"2017-11-08T09:40:55","modified_gmt":"2017-11-08T09:40:55","slug":"falta-de-condicoes-de-trabalho-afasta-medico-jovem-da-rede-publica-de-atendimento","status":"publish","type":"post","link":"https:\/\/sobedrj.com.br\/novo\/2017\/10\/30\/falta-de-condicoes-de-trabalho-afasta-medico-jovem-da-rede-publica-de-atendimento\/","title":{"rendered":"Falta de condi\u00e7\u00f5es de trabalho afasta m\u00e9dico jovem da rede p\u00fablica de atendimento"},"content":{"rendered":"<p>fonte: CFM<\/p>\n<p>Entre os fatores que dificultam a ades\u00e3o dos m\u00e9dicos jovens ao servi\u00e7o p\u00fablico, o principal \u00e9 a falta de condi\u00e7\u00f5es adequadas de trabalho. Ela foi apontada por 91,6% dos entrevistados em pesquisa do Conselho Federal de Medicina (CFM).<\/p>\n<p>Tamb\u00e9m foram apontados como aspectos impeditivos a aus\u00eancia de perspectiva de carreira e a baixa remunera\u00e7\u00e3o no \u00e2mbito do SUS (70,5%), assim como a necessidade de v\u00e1rios v\u00ednculos empregat\u00edcios para compor a renda (64%) e a carga hor\u00e1ria excessiva (60,3%).<\/p>\n<p>Ainda sobre esse tema, 84% dos egressos declararam que a qualidade das condi\u00e7\u00f5es de trabalho \u00e9 o principal determinante para fixa\u00e7\u00e3o em um emprego ou munic\u00edpio, ap\u00f3s o fim da gradua\u00e7\u00e3o ou da resid\u00eancia m\u00e9dica. Em seguida, foram apontados o n\u00edvel de qualidade de vida (66,2%) e a remunera\u00e7\u00e3o (63,1%).<\/p>\n<p>A inten\u00e7\u00e3o de continuar o processo de forma\u00e7\u00e3o e capacita\u00e7\u00e3o ap\u00f3s o recebimento do diploma de m\u00e9dico foi manifestada pela maior parte dos egressos. \u00c9 o que pretendem 80,2% dos entrevistados que planejavam cursar resid\u00eancia m\u00e9dica. Desses, 57,8% queriam fazer p\u00f3s-gradua\u00e7\u00e3o em uma institui\u00e7\u00e3o de ensino diferente daquela onde estudou, e 22,4% pretendiam ficar na mesma escola.<\/p>\n<p>Em rela\u00e7\u00e3o \u00e0s grandes \u00e1reas de atua\u00e7\u00e3o da medicina, 56,7% dos egressos afirmaram ter interesse em atuar na cl\u00ednica m\u00e9dica, e 30,6%, na cirurgia. Apenas 5,7% manifestaram vontade de investir numa forma\u00e7\u00e3o em medicina diagn\u00f3stica, e 3% gostariam de se preparar para atuar nas \u00e1reas de doc\u00eancia, pesquisa e gest\u00e3o.<\/p>\n<p>Entre as especialidades, a primeira op\u00e7\u00e3o dos entrevistados que pretendiam fazer resid\u00eancia m\u00e9dica recai sobre a pediatria. Ela foi citada como a preferida por 12,3%. Na sequ\u00eancia, vieram a cl\u00ednica m\u00e9dica (11,5%), a cirurgia geral (8,8%), a ginecologia e obstetr\u00edcia (8,6%) e a anestesiologia (7,1%).<\/p>\n<p>Esses percentuais tamb\u00e9m est\u00e3o pr\u00f3ximos dos dados registrados na Demografia M\u00e9dica no Brasil 2015, pesquisa realizada pela Faculdade de Medicina da Universidade de S\u00e3o Paulo (FMUSP) com o apoio do CFM e do Cremesp, que aponta a cl\u00ednica m\u00e9dica como a especialidade com o maior n\u00famero de especialistas (35.060), seguida de perto pela pediatria (34.637), cirurgia geral (29.200), ginecologia e obstetr\u00edcia (28.280) e anestesiologia (20.898).<\/p>\n<p>Essas cinco especialidades somam 45% do total de especialistas brasileiros e s\u00e3o a prefer\u00eancia de 48,3% dos rec\u00e9m-formados. A especialidade medicina de fam\u00edlia e comunidade, cujas vagas foram ampliadas recentemente e passou a ser pr\u00e9-requisito para v\u00e1rias outras especialidades, conta com a prefer\u00eancia de apenas 1,5% dos rec\u00e9m-formados.<\/p>\n<p>Finalmente, o estudo revela a prefer\u00eancia dos m\u00e9dicos jovens de desenvolver sua carreira nos munic\u00edpios onde nasceram. Essa \u00e9 a posi\u00e7\u00e3o declarada por 45,6% dos entrevistados, que declararam inten\u00e7\u00e3o ou desejo de exercer a medicina em seu munic\u00edpio natal. Por sua vez, 18,5% consideram mais atraente a cidade onde conclu\u00edram a gradua\u00e7\u00e3o; 13,5% preferem o local de resid\u00eancia m\u00e9dica; e 22,4% procurariam outra localidade, completamente diferente das op\u00e7\u00f5es anteriores.<\/p>\n<p>A pesquisa do CFM contou com o apoio da Faculdade de Medicina da Universidade de S\u00e3o Paulo (USP) e do Conselho Regional de Medicina do Estado de S\u00e3o Paulo (Cremesp) e buscou avaliar diferentes percep\u00e7\u00f5es dos egressos sob aspectos da vida profissional e sua rela\u00e7\u00e3o com \u00e0 medicina.<\/p>\n","protected":false},"excerpt":{"rendered":"<p>fonte: CFM Entre os fatores que dificultam a ades\u00e3o dos m\u00e9dicos jovens ao servi\u00e7o p\u00fablico, o principal \u00e9 a falta de condi\u00e7\u00f5es adequadas de trabalho. Ela foi apontada por 91,6% dos entrevistados em pesquisa do Conselho Federal de Medicina (CFM). Tamb\u00e9m foram apontados como aspectos impeditivos a aus\u00eancia de perspectiva de carreira e a baixa [&hellip;]<\/p>\n","protected":false},"author":1,"featured_media":0,"comment_status":"closed","ping_status":"open","sticky":false,"template":"","format":"standard","meta":{"ngg_post_thumbnail":0,"footnotes":""},"categories":[2],"tags":[],"class_list":["post-4371","post","type-post","status-publish","format-standard","hentry","category-noticias"],"aioseo_notices":[],"gutentor_comment":0,"_links":{"self":[{"href":"https:\/\/sobedrj.com.br\/novo\/wp-json\/wp\/v2\/posts\/4371","targetHints":{"allow":["GET"]}}],"collection":[{"href":"https:\/\/sobedrj.com.br\/novo\/wp-json\/wp\/v2\/posts"}],"about":[{"href":"https:\/\/sobedrj.com.br\/novo\/wp-json\/wp\/v2\/types\/post"}],"author":[{"embeddable":true,"href":"https:\/\/sobedrj.com.br\/novo\/wp-json\/wp\/v2\/users\/1"}],"replies":[{"embeddable":true,"href":"https:\/\/sobedrj.com.br\/novo\/wp-json\/wp\/v2\/comments?post=4371"}],"version-history":[{"count":1,"href":"https:\/\/sobedrj.com.br\/novo\/wp-json\/wp\/v2\/posts\/4371\/revisions"}],"predecessor-version":[{"id":4372,"href":"https:\/\/sobedrj.com.br\/novo\/wp-json\/wp\/v2\/posts\/4371\/revisions\/4372"}],"wp:attachment":[{"href":"https:\/\/sobedrj.com.br\/novo\/wp-json\/wp\/v2\/media?parent=4371"}],"wp:term":[{"taxonomy":"category","embeddable":true,"href":"https:\/\/sobedrj.com.br\/novo\/wp-json\/wp\/v2\/categories?post=4371"},{"taxonomy":"post_tag","embeddable":true,"href":"https:\/\/sobedrj.com.br\/novo\/wp-json\/wp\/v2\/tags?post=4371"}],"curies":[{"name":"wp","href":"https:\/\/api.w.org\/{rel}","templated":true}]}}