{"id":4376,"date":"2017-10-30T13:32:40","date_gmt":"2017-10-30T13:32:40","guid":{"rendered":"http:\/\/sobedrj.com.br\/novo\/?p=4376"},"modified":"2017-11-08T09:40:38","modified_gmt":"2017-11-08T09:40:38","slug":"sobed-lanca-tratado-ilustrado-de-endoscopia-digestiva","status":"publish","type":"post","link":"https:\/\/sobedrj.com.br\/novo\/2017\/10\/30\/sobed-lanca-tratado-ilustrado-de-endoscopia-digestiva\/","title":{"rendered":"SOBED lan\u00e7a tratado ilustrado de Endoscopia Digestiva"},"content":{"rendered":"<p>fonte: SOBED<\/p>\n<p style=\"font-weight: 400;\">Durante a XVI Semana Brasileira do Aparelho Digestivo, em 13 de novembro, o estande da SOBED recebe o lan\u00e7amento do Tratado Ilustrado de Endoscopia Digestiva. \u00a0A obra traz temas fundamentais da especialidade de forma atualizada, proporcionando maior compreens\u00e3o das principais afec\u00e7\u00f5es que acometem o aparelho digestivo, bem como do desenvolvimento dos equipamentos e acess\u00f3rios.<\/p>\n<p style=\"font-weight: 400;\">Sob dire\u00e7\u00e3o do Dr. Marcelo Averbach, coordenador do Conselho Editorial da SOBED, o livro foi organizado pelas maiores autoridades da especialidade no Brasil: os Drs. Fl\u00e1vio Hayato Ejima, presidente da SOBED; Angelo Paulo Ferrari Jr, presidente da Comiss\u00e3o Cient\u00edfica; F\u00e1bio Segal, coordenador do N\u00facleo de Planejamento Estrat\u00e9gico; Gustavo Andrade de Paulo, coordenador do Teste Seus Conhecimentos; Huang Ling Fang, membro da Comiss\u00e3o Cient\u00edfica; Jairo Silva Alves, vice-presidente; e Ricardo Anuar Dib, diretor de sede.<\/p>\n<p style=\"font-weight: 400;\">Confira no hotsite da SOBED na SBAD uma conversa com o Dr. Marcelo Averbach, que destaca a import\u00e2ncia de lan\u00e7ar o tratado no evento. \u201cIsso ampliar\u00e1 a repercuss\u00e3o da obra, gra\u00e7as \u00e0 vasta participa\u00e7\u00e3o de profissionais de todo o mundo nesse grande evento\u201d, adianta.\u00a0<a href=\"http:\/\/sobednasbad.sobed.org.br\/2017\/10\/26\/sobed-lanca-tratado-ilustrado-de-endoscopia-digestiva\/\"><b><strong>CLIQUE AQUI<\/strong><\/b><\/a>.<\/p>\n","protected":false},"excerpt":{"rendered":"<p>fonte: SOBED Durante a XVI Semana Brasileira do Aparelho Digestivo, em 13 de novembro, o estande da SOBED recebe o lan\u00e7amento do Tratado Ilustrado de Endoscopia Digestiva. \u00a0A obra traz temas fundamentais da especialidade de forma atualizada, proporcionando maior compreens\u00e3o das principais afec\u00e7\u00f5es que acometem o aparelho digestivo, bem como do desenvolvimento dos equipamentos e [&hellip;]<\/p>\n","protected":false},"author":1,"featured_media":4377,"comment_status":"closed","ping_status":"open","sticky":false,"template":"","format":"standard","meta":{"ngg_post_thumbnail":0,"footnotes":""},"categories":[2],"tags":[],"class_list":["post-4376","post","type-post","status-publish","format-standard","has-post-thumbnail","hentry","category-noticias"],"aioseo_notices":[],"gutentor_comment":0,"_links":{"self":[{"href":"https:\/\/sobedrj.com.br\/novo\/wp-json\/wp\/v2\/posts\/4376","targetHints":{"allow":["GET"]}}],"collection":[{"href":"https:\/\/sobedrj.com.br\/novo\/wp-json\/wp\/v2\/posts"}],"about":[{"href":"https:\/\/sobedrj.com.br\/novo\/wp-json\/wp\/v2\/types\/post"}],"author":[{"embeddable":true,"href":"https:\/\/sobedrj.com.br\/novo\/wp-json\/wp\/v2\/users\/1"}],"replies":[{"embeddable":true,"href":"https:\/\/sobedrj.com.br\/novo\/wp-json\/wp\/v2\/comments?post=4376"}],"version-history":[{"count":1,"href":"https:\/\/sobedrj.com.br\/novo\/wp-json\/wp\/v2\/posts\/4376\/revisions"}],"predecessor-version":[{"id":4378,"href":"https:\/\/sobedrj.com.br\/novo\/wp-json\/wp\/v2\/posts\/4376\/revisions\/4378"}],"wp:featuredmedia":[{"embeddable":true,"href":"https:\/\/sobedrj.com.br\/novo\/wp-json\/wp\/v2\/media\/4377"}],"wp:attachment":[{"href":"https:\/\/sobedrj.com.br\/novo\/wp-json\/wp\/v2\/media?parent=4376"}],"wp:term":[{"taxonomy":"category","embeddable":true,"href":"https:\/\/sobedrj.com.br\/novo\/wp-json\/wp\/v2\/categories?post=4376"},{"taxonomy":"post_tag","embeddable":true,"href":"https:\/\/sobedrj.com.br\/novo\/wp-json\/wp\/v2\/tags?post=4376"}],"curies":[{"name":"wp","href":"https:\/\/api.w.org\/{rel}","templated":true}]}}