{"id":4379,"date":"2017-10-30T13:36:04","date_gmt":"2017-10-30T13:36:04","guid":{"rendered":"http:\/\/sobedrj.com.br\/novo\/?p=4379"},"modified":"2017-11-08T09:40:27","modified_gmt":"2017-11-08T09:40:27","slug":"participe-das-assembleias-gerais-da-sobed-na-sbad","status":"publish","type":"post","link":"https:\/\/sobedrj.com.br\/novo\/2017\/10\/30\/participe-das-assembleias-gerais-da-sobed-na-sbad\/","title":{"rendered":"Participe das assembleias gerais da SOBED na SBAD"},"content":{"rendered":"<p style=\"font-weight: 400;\">fonte: SOBED<\/p>\n<p style=\"font-weight: 400;\">No dia 14 de novembro, \u00e0s 16h, a SOBED promove suas Assembleias Gerais Ordin\u00e1ria e Extraordin\u00e1ria, durante a XVI Semana Brasileira do Aparelho Digestivo (SBAD 2017). Todos os interessados podem participar \u2013 para ter direito a voto, \u00e9 necess\u00e1rio ser associado titular quite.<\/p>\n<p style=\"font-weight: 400;\">Participe ativamente das decis\u00f5es da Sociedade! Compare\u00e7a \u00e0 Assembleia Geral!\u00a0<a href=\"http:\/\/sobed.org.br\/Publicacoes\/noticia\/detalhes\/3756\">Clique aqui e confira a pauta<\/a>.<\/p>\n<p style=\"font-weight: 400;\"><b><strong>Assembleia \u00a0Geral da SOBED<\/strong><\/b><\/p>\n<p><b><strong>Data:<\/strong><\/b>\u00a0 14 de novembro<\/p>\n<p style=\"font-weight: 400;\"><b><strong>Hor\u00e1rio:<\/strong><\/b>\u00a0 16h \u00e0s 17h30\u00a0<b><strong>Local:<\/strong><\/b>\u00a0 Centro Internacional de Conven\u00e7\u00f5es do Brasil, sala 3<\/p>\n<p><b><strong>Endere\u00e7o:<\/strong><\/b>\u00a0 SCES Trecho 2, Conjunto 63, Lote 50 &#8211; Asa Sul. Bras\u00edlia &#8211; DF<\/p>\n","protected":false},"excerpt":{"rendered":"<p>fonte: SOBED No dia 14 de novembro, \u00e0s 16h, a SOBED promove suas Assembleias Gerais Ordin\u00e1ria e Extraordin\u00e1ria, durante a XVI Semana Brasileira do Aparelho Digestivo (SBAD 2017). Todos os interessados podem participar \u2013 para ter direito a voto, \u00e9 necess\u00e1rio ser associado titular quite. Participe ativamente das decis\u00f5es da Sociedade! Compare\u00e7a \u00e0 Assembleia Geral!\u00a0Clique [&hellip;]<\/p>\n","protected":false},"author":1,"featured_media":4230,"comment_status":"closed","ping_status":"open","sticky":false,"template":"","format":"standard","meta":{"ngg_post_thumbnail":0,"footnotes":""},"categories":[2],"tags":[],"class_list":["post-4379","post","type-post","status-publish","format-standard","has-post-thumbnail","hentry","category-noticias"],"aioseo_notices":[],"gutentor_comment":0,"_links":{"self":[{"href":"https:\/\/sobedrj.com.br\/novo\/wp-json\/wp\/v2\/posts\/4379","targetHints":{"allow":["GET"]}}],"collection":[{"href":"https:\/\/sobedrj.com.br\/novo\/wp-json\/wp\/v2\/posts"}],"about":[{"href":"https:\/\/sobedrj.com.br\/novo\/wp-json\/wp\/v2\/types\/post"}],"author":[{"embeddable":true,"href":"https:\/\/sobedrj.com.br\/novo\/wp-json\/wp\/v2\/users\/1"}],"replies":[{"embeddable":true,"href":"https:\/\/sobedrj.com.br\/novo\/wp-json\/wp\/v2\/comments?post=4379"}],"version-history":[{"count":2,"href":"https:\/\/sobedrj.com.br\/novo\/wp-json\/wp\/v2\/posts\/4379\/revisions"}],"predecessor-version":[{"id":4381,"href":"https:\/\/sobedrj.com.br\/novo\/wp-json\/wp\/v2\/posts\/4379\/revisions\/4381"}],"wp:featuredmedia":[{"embeddable":true,"href":"https:\/\/sobedrj.com.br\/novo\/wp-json\/wp\/v2\/media\/4230"}],"wp:attachment":[{"href":"https:\/\/sobedrj.com.br\/novo\/wp-json\/wp\/v2\/media?parent=4379"}],"wp:term":[{"taxonomy":"category","embeddable":true,"href":"https:\/\/sobedrj.com.br\/novo\/wp-json\/wp\/v2\/categories?post=4379"},{"taxonomy":"post_tag","embeddable":true,"href":"https:\/\/sobedrj.com.br\/novo\/wp-json\/wp\/v2\/tags?post=4379"}],"curies":[{"name":"wp","href":"https:\/\/api.w.org\/{rel}","templated":true}]}}