{"id":4425,"date":"2017-11-08T09:47:46","date_gmt":"2017-11-08T09:47:46","guid":{"rendered":"http:\/\/sobedrj.com.br\/novo\/?p=4425"},"modified":"2017-11-22T17:53:37","modified_gmt":"2017-11-22T17:53:37","slug":"forum-de-assuntos-estrategicos-da-sobed-na-sbad-confira-o-que-sera-abordado","status":"publish","type":"post","link":"https:\/\/sobedrj.com.br\/novo\/2017\/11\/08\/forum-de-assuntos-estrategicos-da-sobed-na-sbad-confira-o-que-sera-abordado\/","title":{"rendered":"F\u00f3rum de assuntos estrat\u00e9gicos da SOBED na SBAD. Confira o que ser\u00e1 abordado!"},"content":{"rendered":"<p>Durante a XVI SBAD, que ocorrer\u00e1 de 11 a 15 de novembro em Bras\u00edlia, acontecer\u00e1 o F\u00f3rum de assuntos estrat\u00e9gicos da SOBED, no dia 14, ter\u00e7a-feira, das 8h30 \u00e0s 15h30, na sala 21 do Centro Internacional de Conven\u00e7\u00f5es do Brasil. A entrada \u00e9 aberta aos inscritos na SBAD e o acesso \u00e9 limitado a 300 pessoas.<\/p>\n<p>O evento abordar\u00e1\u00a0assuntos importantes da pr\u00e1tica da especialidade e ter\u00e1 o lan\u00e7amento de\u00a0dois\u00a0projetos SOBED: Endoscopia Segura e Qualidade em Endoscopia Digestiva.<\/p>\n<p>N\u00e3o perca!<\/p>\n<div id=\"day5_auditorium1_time1\" class=\"panel-collapse schedule-item-body collapse in\"><\/div>\n","protected":false},"excerpt":{"rendered":"<p>Durante a XVI SBAD, que ocorrer\u00e1 de 11 a 15 de novembro em Bras\u00edlia, acontecer\u00e1 o F\u00f3rum de assuntos estrat\u00e9gicos da SOBED, no dia 14, ter\u00e7a-feira, das 8h30 \u00e0s 15h30, na sala 21 do Centro Internacional de Conven\u00e7\u00f5es do Brasil. A entrada \u00e9 aberta aos inscritos na SBAD e o acesso \u00e9 limitado a 300 [&hellip;]<\/p>\n","protected":false},"author":1,"featured_media":3794,"comment_status":"closed","ping_status":"open","sticky":false,"template":"","format":"standard","meta":{"ngg_post_thumbnail":0,"footnotes":""},"categories":[2],"tags":[],"class_list":["post-4425","post","type-post","status-publish","format-standard","has-post-thumbnail","hentry","category-noticias"],"aioseo_notices":[],"gutentor_comment":0,"_links":{"self":[{"href":"https:\/\/sobedrj.com.br\/novo\/wp-json\/wp\/v2\/posts\/4425","targetHints":{"allow":["GET"]}}],"collection":[{"href":"https:\/\/sobedrj.com.br\/novo\/wp-json\/wp\/v2\/posts"}],"about":[{"href":"https:\/\/sobedrj.com.br\/novo\/wp-json\/wp\/v2\/types\/post"}],"author":[{"embeddable":true,"href":"https:\/\/sobedrj.com.br\/novo\/wp-json\/wp\/v2\/users\/1"}],"replies":[{"embeddable":true,"href":"https:\/\/sobedrj.com.br\/novo\/wp-json\/wp\/v2\/comments?post=4425"}],"version-history":[{"count":2,"href":"https:\/\/sobedrj.com.br\/novo\/wp-json\/wp\/v2\/posts\/4425\/revisions"}],"predecessor-version":[{"id":4427,"href":"https:\/\/sobedrj.com.br\/novo\/wp-json\/wp\/v2\/posts\/4425\/revisions\/4427"}],"wp:featuredmedia":[{"embeddable":true,"href":"https:\/\/sobedrj.com.br\/novo\/wp-json\/wp\/v2\/media\/3794"}],"wp:attachment":[{"href":"https:\/\/sobedrj.com.br\/novo\/wp-json\/wp\/v2\/media?parent=4425"}],"wp:term":[{"taxonomy":"category","embeddable":true,"href":"https:\/\/sobedrj.com.br\/novo\/wp-json\/wp\/v2\/categories?post=4425"},{"taxonomy":"post_tag","embeddable":true,"href":"https:\/\/sobedrj.com.br\/novo\/wp-json\/wp\/v2\/tags?post=4425"}],"curies":[{"name":"wp","href":"https:\/\/api.w.org\/{rel}","templated":true}]}}