{"id":4428,"date":"2017-11-09T15:10:08","date_gmt":"2017-11-09T15:10:08","guid":{"rendered":"http:\/\/sobedrj.com.br\/novo\/?p=4428"},"modified":"2017-11-22T17:53:18","modified_gmt":"2017-11-22T17:53:18","slug":"saiba-como-foi-a-assembleia-geral-desta-quarta-feira","status":"publish","type":"post","link":"https:\/\/sobedrj.com.br\/novo\/2017\/11\/09\/saiba-como-foi-a-assembleia-geral-desta-quarta-feira\/","title":{"rendered":"Saiba como foi a assembleia geral desta quarta-feira"},"content":{"rendered":"<p>A Assembleia Geral da SOBED-RJ foi realizada na noite desta quarta-feira, dia 8, no audit\u00f3rio Julio Sanderson, na sede do CREMERJ, em Botafogo, e teve in\u00edcio com a Dra. Elizabeth Castro, presidente da sociedade, fazendo um balan\u00e7o da situa\u00e7\u00e3o financeira da entidade, informando o que a atual gest\u00e3o v\u00eam realizando para diminuir custos e aumentar receitas. Um dos grandes problemas financeiros \u00e9 o custo com a sede, pois s\u00e3o tr\u00eas salas, o que gera tr\u00eas taxas condominiais a serem pagas mensalmente.<\/p>\n<p>Ap\u00f3s a apresenta\u00e7\u00e3o, a Dra. Elizabeth pediu autoriza\u00e7\u00e3o \u00e0 assembleia para colocar \u00e0 venda a sede da SOBED-RJ ou sublocar para outras associa\u00e7\u00f5es, tendo em vista reduzir os custos mensais. A venda da SOBED-RJ teria como intuito com a verba arrecadada comprar uma outra sede com tamanho e custo menores.<\/p>\n<p>Os presentes debateram amplamente os problemas financeiros da sociedade e ficou decidido, em vota\u00e7\u00e3o por unanimidade, que a assembleia ser\u00e1 permanente autorizando a negocia\u00e7\u00e3o para venda da sede e compra de uma outra\u00a0mediante aprova\u00e7\u00e3o do neg\u00f3cio pela assembleia.<\/p>\n<p>Definiu-se tamb\u00e9m uma comiss\u00e3o para buscar oportunidades e neg\u00f3cios para a SOBED-RJ, que ter\u00e1 sua primeira reuni\u00e3o, a ser realizada na sede da SOBED-RJ, ap\u00f3s a SBAD. A comiss\u00e3o cient\u00edfica da sociedade se reunir\u00e1 na semana seguinte, no mesmo local, tendo em vista tra\u00e7ar a programa\u00e7\u00e3o de atividades de 2018 e qual modelo ser\u00e1 adotado.<\/p>\n<p>Os s\u00f3cios titulares receber\u00e3o, em breve por e-mail, a ata da assembleia.<\/p>\n","protected":false},"excerpt":{"rendered":"<p>A Assembleia Geral da SOBED-RJ foi realizada na noite desta quarta-feira, dia 8, no audit\u00f3rio Julio Sanderson, na sede do CREMERJ, em Botafogo, e teve in\u00edcio com a Dra. Elizabeth Castro, presidente da sociedade, fazendo um balan\u00e7o da situa\u00e7\u00e3o financeira da entidade, informando o que a atual gest\u00e3o v\u00eam realizando para diminuir custos e aumentar [&hellip;]<\/p>\n","protected":false},"author":1,"featured_media":4429,"comment_status":"closed","ping_status":"open","sticky":false,"template":"","format":"standard","meta":{"ngg_post_thumbnail":0,"footnotes":""},"categories":[2],"tags":[],"class_list":["post-4428","post","type-post","status-publish","format-standard","has-post-thumbnail","hentry","category-noticias"],"aioseo_notices":[],"gutentor_comment":0,"_links":{"self":[{"href":"https:\/\/sobedrj.com.br\/novo\/wp-json\/wp\/v2\/posts\/4428","targetHints":{"allow":["GET"]}}],"collection":[{"href":"https:\/\/sobedrj.com.br\/novo\/wp-json\/wp\/v2\/posts"}],"about":[{"href":"https:\/\/sobedrj.com.br\/novo\/wp-json\/wp\/v2\/types\/post"}],"author":[{"embeddable":true,"href":"https:\/\/sobedrj.com.br\/novo\/wp-json\/wp\/v2\/users\/1"}],"replies":[{"embeddable":true,"href":"https:\/\/sobedrj.com.br\/novo\/wp-json\/wp\/v2\/comments?post=4428"}],"version-history":[{"count":2,"href":"https:\/\/sobedrj.com.br\/novo\/wp-json\/wp\/v2\/posts\/4428\/revisions"}],"predecessor-version":[{"id":4431,"href":"https:\/\/sobedrj.com.br\/novo\/wp-json\/wp\/v2\/posts\/4428\/revisions\/4431"}],"wp:featuredmedia":[{"embeddable":true,"href":"https:\/\/sobedrj.com.br\/novo\/wp-json\/wp\/v2\/media\/4429"}],"wp:attachment":[{"href":"https:\/\/sobedrj.com.br\/novo\/wp-json\/wp\/v2\/media?parent=4428"}],"wp:term":[{"taxonomy":"category","embeddable":true,"href":"https:\/\/sobedrj.com.br\/novo\/wp-json\/wp\/v2\/categories?post=4428"},{"taxonomy":"post_tag","embeddable":true,"href":"https:\/\/sobedrj.com.br\/novo\/wp-json\/wp\/v2\/tags?post=4428"}],"curies":[{"name":"wp","href":"https:\/\/api.w.org\/{rel}","templated":true}]}}