{"id":4465,"date":"2017-11-22T17:38:38","date_gmt":"2017-11-22T17:38:38","guid":{"rendered":"http:\/\/sobedrj.com.br\/novo\/?p=4465"},"modified":"2017-12-04T21:11:03","modified_gmt":"2017-12-04T21:11:03","slug":"endo-2020-ocorrera-no-rio-de-janeiro-e-tem-coordenacao-local-definida","status":"publish","type":"post","link":"https:\/\/sobedrj.com.br\/novo\/2017\/11\/22\/endo-2020-ocorrera-no-rio-de-janeiro-e-tem-coordenacao-local-definida\/","title":{"rendered":"Endo 2020 ocorrer\u00e1 no Rio de Janeiro e tem coordena\u00e7\u00e3o do Rio de Janeiro definida"},"content":{"rendered":"<p><img loading=\"lazy\" decoding=\"async\" class=\"aligncenter size-full wp-image-4472\" src=\"http:\/\/sobedrj.com.br\/novo\/wp-content\/uploads\/2017\/11\/weo_2020_2.jpg\" alt=\"\" width=\"937\" height=\"524\" srcset=\"https:\/\/sobedrj.com.br\/novo\/wp-content\/uploads\/2017\/11\/weo_2020_2.jpg 937w, https:\/\/sobedrj.com.br\/novo\/wp-content\/uploads\/2017\/11\/weo_2020_2-300x168.jpg 300w, https:\/\/sobedrj.com.br\/novo\/wp-content\/uploads\/2017\/11\/weo_2020_2-768x429.jpg 768w, https:\/\/sobedrj.com.br\/novo\/wp-content\/uploads\/2017\/11\/weo_2020_2-600x336.jpg 600w\" sizes=\"auto, (max-width: 937px) 100vw, 937px\" \/>O Rio de Janeiro sediar\u00e1, em mar\u00e7o de 2020, o Endo 2020, Congresso Mundial de Endoscopia Gastrointestinal organizado pela WEO (World Endoscopy Organization). Os coordenadores locais (RJ), definidos em reuni\u00f5es durante a SBAD, s\u00e3o:\u00a0Dr. Afonso Paredes, Dr\u00aa Ana Zuccaro e Dr.\u00a0Djalma Coelho.<\/p>\n<p>O evento ocorrer\u00e1 no Centro de Conven\u00e7\u00f5es do Hotel Windsor, na Barra da Tijuca.<\/p>\n<p>Em breve mais novidades sobre o congresso.<\/p>\n","protected":false},"excerpt":{"rendered":"<p>O Rio de Janeiro sediar\u00e1, em mar\u00e7o de 2020, o Endo 2020, Congresso Mundial de Endoscopia Gastrointestinal organizado pela WEO (World Endoscopy Organization). Os coordenadores locais (RJ), definidos em reuni\u00f5es durante a SBAD, s\u00e3o:\u00a0Dr. Afonso Paredes, Dr\u00aa Ana Zuccaro e Dr.\u00a0Djalma Coelho. O evento ocorrer\u00e1 no Centro de Conven\u00e7\u00f5es do Hotel Windsor, na Barra da [&hellip;]<\/p>\n","protected":false},"author":1,"featured_media":4467,"comment_status":"closed","ping_status":"open","sticky":false,"template":"","format":"standard","meta":{"ngg_post_thumbnail":0,"footnotes":""},"categories":[2],"tags":[],"class_list":["post-4465","post","type-post","status-publish","format-standard","has-post-thumbnail","hentry","category-noticias"],"aioseo_notices":[],"gutentor_comment":0,"_links":{"self":[{"href":"https:\/\/sobedrj.com.br\/novo\/wp-json\/wp\/v2\/posts\/4465","targetHints":{"allow":["GET"]}}],"collection":[{"href":"https:\/\/sobedrj.com.br\/novo\/wp-json\/wp\/v2\/posts"}],"about":[{"href":"https:\/\/sobedrj.com.br\/novo\/wp-json\/wp\/v2\/types\/post"}],"author":[{"embeddable":true,"href":"https:\/\/sobedrj.com.br\/novo\/wp-json\/wp\/v2\/users\/1"}],"replies":[{"embeddable":true,"href":"https:\/\/sobedrj.com.br\/novo\/wp-json\/wp\/v2\/comments?post=4465"}],"version-history":[{"count":4,"href":"https:\/\/sobedrj.com.br\/novo\/wp-json\/wp\/v2\/posts\/4465\/revisions"}],"predecessor-version":[{"id":4473,"href":"https:\/\/sobedrj.com.br\/novo\/wp-json\/wp\/v2\/posts\/4465\/revisions\/4473"}],"wp:featuredmedia":[{"embeddable":true,"href":"https:\/\/sobedrj.com.br\/novo\/wp-json\/wp\/v2\/media\/4467"}],"wp:attachment":[{"href":"https:\/\/sobedrj.com.br\/novo\/wp-json\/wp\/v2\/media?parent=4465"}],"wp:term":[{"taxonomy":"category","embeddable":true,"href":"https:\/\/sobedrj.com.br\/novo\/wp-json\/wp\/v2\/categories?post=4465"},{"taxonomy":"post_tag","embeddable":true,"href":"https:\/\/sobedrj.com.br\/novo\/wp-json\/wp\/v2\/tags?post=4465"}],"curies":[{"name":"wp","href":"https:\/\/api.w.org\/{rel}","templated":true}]}}