{"id":4490,"date":"2017-11-25T16:33:41","date_gmt":"2017-11-25T16:33:41","guid":{"rendered":"http:\/\/sobedrj.com.br\/novo\/?p=4490"},"modified":"2017-11-28T09:23:03","modified_gmt":"2017-11-28T09:23:03","slug":"conselho-federal-esclarece-pontos-sobre-pesquisa-divulgada-pela-ufmgiess","status":"publish","type":"post","link":"https:\/\/sobedrj.com.br\/novo\/2017\/11\/25\/conselho-federal-esclarece-pontos-sobre-pesquisa-divulgada-pela-ufmgiess\/","title":{"rendered":"Conselho Federal esclarece pontos sobre pesquisa divulgada pela UFMG\/IESS"},"content":{"rendered":"<p>fonte: CFM<\/p>\n<p>O plen\u00e1rio do Conselho Federal de Medicina (CFM) aprovou nesta sexta-feira (24) uma Nota \u00e0 Sociedade explicando que \u00e9 inapropriado o uso da express\u00e3o &#8220;erro m\u00e9dico&#8221;, da forma como ela foi usada na repercuss\u00e3o de pesquisa divulgada recentemente pelo Instituto de Estudos da Sa\u00fade Suplementar (IESS) e pela Universidade Federal de Minas Gerais (UFMG). Para o CFM, o relat\u00f3rio destaca as falhas do processo de atendimento ocorridas no ambiente hospitalar, as quais n\u00e3o s\u00e3o necessariamente causadas por m\u00e9dicos, sendo inadequada a referida express\u00e3o.<\/p>\n<p>&#8220;Tais efeitos adversos decorrem de uma s\u00e9rie de problemas, que incluem aspectos operacionais, de gest\u00e3o e mesmo da atua\u00e7\u00e3o de diferentes categorias profissionais&#8221;, explica a autarquia. A nota pode ser acessada\u00a0<a href=\"http:\/\/portal.cfm.org.br\/images\/stories\/pdf\/erro_medico_nota.pdf\" target=\"_blank\" rel=\"noopener noreferrer\">aqui<\/a>.<\/p>\n<p>No texto, o CFM tamb\u00e9m critica o tom alarmista dado ao tema, j\u00e1 que a pesquisa trata de um estudo de proje\u00e7\u00e3o de dados, com limites reconhecidos por seus pr\u00f3prios autores. Dentre eles, est\u00e1 o fato de os resultados terem sido calculados a partir da an\u00e1lise de um pequeno n\u00famero de hospitais (menos de 3% do total de estabelecimentos brasileiros) e a inclus\u00e3o somente de informa\u00e7\u00f5es relacionadas a alta ou \u00f3bito, sem relatos de necropsias e da gravidade dos casos. &#8220;Esses aspectos comprometem a qualidade final do trabalho e n\u00e3o permitem a generaliza\u00e7\u00e3o dos resultados, como tem sido feito&#8221;, argumenta a autarquia.<\/p>\n<p>Apesar de criticar imprecis\u00f5es no relat\u00f3rio, o CFM afirma que ele est\u00e1 correto ao concluir que, no Brasil, as defici\u00eancias na infraestrutura f\u00edsica, os problemas nos equipamentos dispon\u00edveis para a assist\u00eancia, as falhas administrativas e a falta de controle interno nos estabelecimentos, entre outros pontos, comprometem os processos de atendimento, o que dificulta a atua\u00e7\u00e3o de todas as categorias da sa\u00fade, inclusive dos m\u00e9dicos.<\/p>\n<p>Os problemas estruturais da sa\u00fade t\u00eam sido denunciados pelo sistema conselhal e enviados para \u00f3rg\u00e3os como o Minist\u00e9rio P\u00fablico e o Tribunal de Contas da Uni\u00e3o. O CFM e os CRMs tamb\u00e9m t\u00eam defendido que avan\u00e7os no atendimento em sa\u00fade no Pa\u00eds ocorrer\u00e3o apenas ap\u00f3s a ado\u00e7\u00e3o de um conjunto de a\u00e7\u00f5es, incluindo a adequada capacita\u00e7\u00e3o das equipes de assist\u00eancia e a qualifica\u00e7\u00e3o da rede assistencial p\u00fablica e privada, incluindo o aumento dos investimentos, a valoriza\u00e7\u00e3o dos profissionais, o aperfei\u00e7oamento da gest\u00e3o e a cria\u00e7\u00e3o de mecanismos eficazes de avalia\u00e7\u00e3o, monitoramento e controle.<\/p>\n","protected":false},"excerpt":{"rendered":"<p>fonte: CFM O plen\u00e1rio do Conselho Federal de Medicina (CFM) aprovou nesta sexta-feira (24) uma Nota \u00e0 Sociedade explicando que \u00e9 inapropriado o uso da express\u00e3o &#8220;erro m\u00e9dico&#8221;, da forma como ela foi usada na repercuss\u00e3o de pesquisa divulgada recentemente pelo Instituto de Estudos da Sa\u00fade Suplementar (IESS) e pela Universidade Federal de Minas Gerais [&hellip;]<\/p>\n","protected":false},"author":1,"featured_media":0,"comment_status":"closed","ping_status":"open","sticky":false,"template":"","format":"standard","meta":{"ngg_post_thumbnail":0,"footnotes":""},"categories":[2],"tags":[],"class_list":["post-4490","post","type-post","status-publish","format-standard","hentry","category-noticias"],"aioseo_notices":[],"gutentor_comment":0,"_links":{"self":[{"href":"https:\/\/sobedrj.com.br\/novo\/wp-json\/wp\/v2\/posts\/4490","targetHints":{"allow":["GET"]}}],"collection":[{"href":"https:\/\/sobedrj.com.br\/novo\/wp-json\/wp\/v2\/posts"}],"about":[{"href":"https:\/\/sobedrj.com.br\/novo\/wp-json\/wp\/v2\/types\/post"}],"author":[{"embeddable":true,"href":"https:\/\/sobedrj.com.br\/novo\/wp-json\/wp\/v2\/users\/1"}],"replies":[{"embeddable":true,"href":"https:\/\/sobedrj.com.br\/novo\/wp-json\/wp\/v2\/comments?post=4490"}],"version-history":[{"count":1,"href":"https:\/\/sobedrj.com.br\/novo\/wp-json\/wp\/v2\/posts\/4490\/revisions"}],"predecessor-version":[{"id":4491,"href":"https:\/\/sobedrj.com.br\/novo\/wp-json\/wp\/v2\/posts\/4490\/revisions\/4491"}],"wp:attachment":[{"href":"https:\/\/sobedrj.com.br\/novo\/wp-json\/wp\/v2\/media?parent=4490"}],"wp:term":[{"taxonomy":"category","embeddable":true,"href":"https:\/\/sobedrj.com.br\/novo\/wp-json\/wp\/v2\/categories?post=4490"},{"taxonomy":"post_tag","embeddable":true,"href":"https:\/\/sobedrj.com.br\/novo\/wp-json\/wp\/v2\/tags?post=4490"}],"curies":[{"name":"wp","href":"https:\/\/api.w.org\/{rel}","templated":true}]}}