{"id":4499,"date":"2017-11-25T16:54:13","date_gmt":"2017-11-25T16:54:13","guid":{"rendered":"http:\/\/sobedrj.com.br\/novo\/?p=4499"},"modified":"2017-11-28T09:22:27","modified_gmt":"2017-11-28T09:22:27","slug":"confira-editais-de-programas-de-residencia-medica-e-especializacao","status":"publish","type":"post","link":"https:\/\/sobedrj.com.br\/novo\/2017\/11\/25\/confira-editais-de-programas-de-residencia-medica-e-especializacao\/","title":{"rendered":"Confira editais de programas de resid\u00eancia m\u00e9dica e especializa\u00e7\u00e3o"},"content":{"rendered":"<p>J\u00e1 est\u00e3o dispon\u00edveis editais para inscri\u00e7\u00e3o em programas de especializa\u00e7\u00e3o nos Hospitais Ipiranga, 9 de Julho, e Alem\u00e3o Oswaldo Cruz.<\/p>\n<p>A sele\u00e7\u00e3o para o Servi\u00e7o de Endoscopia Gastrointestinal dos hospitais Ipiranga, 9 de Julho e Centro de Diagn\u00f3stico e Terap\u00eautica Endosc\u00f3pica &#8211; Bi\u00eanio 2018 \/ 2019 \u00e9 voltada para Especializa\u00e7\u00e3o em Endoscopia Digestiva.<\/p>\n<p>Al\u00e9m disso, tamb\u00e9m est\u00e3o abertas inscri\u00e7\u00f5es para vagas no Programa de Capacita\u00e7\u00e3o Complementar em Ecoendoscopia e Endoscopia da Via Biliar e Pancre\u00e1tica, nos Servi\u00e7os de Endoscopia Gastrointestinal dos Hospitais Ipiranga e 9 de Julho para o ano 2018. Os candidatos podem se inscrever at\u00e9 48 horas antes da prova.<\/p>\n<p>J\u00e1 o Programa de Resid\u00eancia do Hospital Alem\u00e3o Oswaldo Cruz disponibiliza duas vagas para Endoscopia. As inscri\u00e7\u00f5es v\u00e3o at\u00e9 o dia 18 de dezembro.<\/p>\n<p><b><strong>Acesso aos editais:<\/strong><\/b><\/p>\n<p><a href=\"http:\/\/sobed.org.br\/Eventos\/evento\/detalhes\/590\">Especializa\u00e7\u00e3o em Endoscopia Digestiva no Servi\u00e7o de Endoscopia Gastrointestinal do Hospital Ipiranga, Hospital 9 de Julho e Centro de Diagn\u00f3stico e Terap\u00eautica Endosc\u00f3pica- Bi\u00eanio 2018 \/ 2019<\/a><\/p>\n<p><a href=\"http:\/\/sobed.org.br\/Eventos\/evento\/detalhes\/591\">Programa de Capacita\u00e7\u00e3o Complementar em Ecoendoscopia e Endoscopia da Via Biliar e Pancre\u00e1tica, nos Servi\u00e7os de Endoscopia Gastrointestinal dos Hospitais Ipiranga e 9 de Julho para o ano 2018<\/a><\/p>\n<p><a href=\"http:\/\/sobed.org.br\/Eventos\/evento\/detalhes\/592\">Programa de Resid\u00eancia do Hospital Alem\u00e3o Oswaldo Cruz<\/a><\/p>\n","protected":false},"excerpt":{"rendered":"<p>J\u00e1 est\u00e3o dispon\u00edveis editais para inscri\u00e7\u00e3o em programas de especializa\u00e7\u00e3o nos Hospitais Ipiranga, 9 de Julho, e Alem\u00e3o Oswaldo Cruz. A sele\u00e7\u00e3o para o Servi\u00e7o de Endoscopia Gastrointestinal dos hospitais Ipiranga, 9 de Julho e Centro de Diagn\u00f3stico e Terap\u00eautica Endosc\u00f3pica &#8211; Bi\u00eanio 2018 \/ 2019 \u00e9 voltada para Especializa\u00e7\u00e3o em Endoscopia Digestiva. Al\u00e9m disso, [&hellip;]<\/p>\n","protected":false},"author":1,"featured_media":0,"comment_status":"closed","ping_status":"open","sticky":false,"template":"","format":"standard","meta":{"ngg_post_thumbnail":0,"footnotes":""},"categories":[2],"tags":[],"class_list":["post-4499","post","type-post","status-publish","format-standard","hentry","category-noticias"],"aioseo_notices":[],"gutentor_comment":0,"_links":{"self":[{"href":"https:\/\/sobedrj.com.br\/novo\/wp-json\/wp\/v2\/posts\/4499","targetHints":{"allow":["GET"]}}],"collection":[{"href":"https:\/\/sobedrj.com.br\/novo\/wp-json\/wp\/v2\/posts"}],"about":[{"href":"https:\/\/sobedrj.com.br\/novo\/wp-json\/wp\/v2\/types\/post"}],"author":[{"embeddable":true,"href":"https:\/\/sobedrj.com.br\/novo\/wp-json\/wp\/v2\/users\/1"}],"replies":[{"embeddable":true,"href":"https:\/\/sobedrj.com.br\/novo\/wp-json\/wp\/v2\/comments?post=4499"}],"version-history":[{"count":1,"href":"https:\/\/sobedrj.com.br\/novo\/wp-json\/wp\/v2\/posts\/4499\/revisions"}],"predecessor-version":[{"id":4500,"href":"https:\/\/sobedrj.com.br\/novo\/wp-json\/wp\/v2\/posts\/4499\/revisions\/4500"}],"wp:attachment":[{"href":"https:\/\/sobedrj.com.br\/novo\/wp-json\/wp\/v2\/media?parent=4499"}],"wp:term":[{"taxonomy":"category","embeddable":true,"href":"https:\/\/sobedrj.com.br\/novo\/wp-json\/wp\/v2\/categories?post=4499"},{"taxonomy":"post_tag","embeddable":true,"href":"https:\/\/sobedrj.com.br\/novo\/wp-json\/wp\/v2\/tags?post=4499"}],"curies":[{"name":"wp","href":"https:\/\/api.w.org\/{rel}","templated":true}]}}