{"id":4507,"date":"2017-11-28T09:21:13","date_gmt":"2017-11-28T09:21:13","guid":{"rendered":"http:\/\/sobedrj.com.br\/novo\/?p=4507"},"modified":"2017-12-12T09:56:21","modified_gmt":"2017-12-12T09:56:21","slug":"reuniao-cientifica-de-dezembro-acontece-no-dia-13-e-tera-palestra-com-dr-claudio-rolim-teixeira","status":"publish","type":"post","link":"https:\/\/sobedrj.com.br\/novo\/2017\/11\/28\/reuniao-cientifica-de-dezembro-acontece-no-dia-13-e-tera-palestra-com-dr-claudio-rolim-teixeira\/","title":{"rendered":"Reuni\u00e3o cient\u00edfica de dezembro acontece no dia 13 e ter\u00e1 palestra com Dr. Claudio Rolim Teixeira"},"content":{"rendered":"<figure id=\"attachment_4083\" aria-describedby=\"caption-attachment-4083\" style=\"width: 180px\" class=\"wp-caption alignleft\"><img loading=\"lazy\" decoding=\"async\" class=\"size-full wp-image-4083\" src=\"http:\/\/sobedrj.com.br\/novo\/wp-content\/uploads\/2017\/08\/Claudio_Teixeira2.png\" alt=\"\" width=\"180\" height=\"180\" \/><figcaption id=\"caption-attachment-4083\" class=\"wp-caption-text\">Dr. Claudio Rolim Teixeira, palestrante de dezembro<\/figcaption><\/figure>\n<p>A SOBED-RJ convida seus associados para a \u00faltima reuni\u00e3o cient\u00edfica de 2017, que ocorrer\u00e1 em 13 de dezembro (quarta-feira), \u00e0s 19h,\u00a0no audit\u00f3rio da Casa de Sa\u00fade S\u00e3o Jos\u00e9, no Humait\u00e1.<\/p>\n<p>O evento ter\u00e1\u00a0palestra sobre\u00a0<em>C\u00e2ncer Colorretal: avan\u00e7os tecnol\u00f3gicos no diagn\u00f3stico e preven\u00e7\u00e3o<\/em>, com o Dr. Claudio Rolim Teixeira (PhD pela Universidade de Hiroshima).<\/p>\n<p>Contamos com sua presen\u00e7a. A Casa de Sa\u00fade S\u00e3o Jos\u00e9 fica na Rua Macedo Sobrinho, 21.<\/p>\n<p><strong>SAIBA COMO CHEGAR<\/strong><\/p>\n<p style=\"text-align: center;\"><iframe loading=\"lazy\" src=\"https:\/\/www.google.com\/maps\/embed?pb=!1m12!1m8!1m3!1d7347.581728663119!2d-43.198713!3d-22.957928!3m2!1i1024!2i768!4f13.1!2m1!1sR.+Macedo+Sobrinho%2C+21+-+Humait%C3%A1+Rio+de+Janeiro+-+RJ+22271-080!5e0!3m2!1spt-BR!2sbr!4v1461694297747\" width=\"900\" height=\"400\" frameborder=\"0\" allowfullscreen=\"allowfullscreen\"><\/iframe><\/p>\n","protected":false},"excerpt":{"rendered":"<p>A SOBED-RJ convida seus associados para a \u00faltima reuni\u00e3o cient\u00edfica de 2017, que ocorrer\u00e1 em 13 de dezembro (quarta-feira), \u00e0s 19h,\u00a0no audit\u00f3rio da Casa de Sa\u00fade S\u00e3o Jos\u00e9, no Humait\u00e1. O evento ter\u00e1\u00a0palestra sobre\u00a0C\u00e2ncer Colorretal: avan\u00e7os tecnol\u00f3gicos no diagn\u00f3stico e preven\u00e7\u00e3o, com o Dr. Claudio Rolim Teixeira (PhD pela Universidade de Hiroshima). Contamos com sua [&hellip;]<\/p>\n","protected":false},"author":1,"featured_media":0,"comment_status":"closed","ping_status":"open","sticky":false,"template":"","format":"standard","meta":{"ngg_post_thumbnail":0,"footnotes":""},"categories":[2],"tags":[],"class_list":["post-4507","post","type-post","status-publish","format-standard","hentry","category-noticias"],"aioseo_notices":[],"gutentor_comment":0,"_links":{"self":[{"href":"https:\/\/sobedrj.com.br\/novo\/wp-json\/wp\/v2\/posts\/4507","targetHints":{"allow":["GET"]}}],"collection":[{"href":"https:\/\/sobedrj.com.br\/novo\/wp-json\/wp\/v2\/posts"}],"about":[{"href":"https:\/\/sobedrj.com.br\/novo\/wp-json\/wp\/v2\/types\/post"}],"author":[{"embeddable":true,"href":"https:\/\/sobedrj.com.br\/novo\/wp-json\/wp\/v2\/users\/1"}],"replies":[{"embeddable":true,"href":"https:\/\/sobedrj.com.br\/novo\/wp-json\/wp\/v2\/comments?post=4507"}],"version-history":[{"count":1,"href":"https:\/\/sobedrj.com.br\/novo\/wp-json\/wp\/v2\/posts\/4507\/revisions"}],"predecessor-version":[{"id":4508,"href":"https:\/\/sobedrj.com.br\/novo\/wp-json\/wp\/v2\/posts\/4507\/revisions\/4508"}],"wp:attachment":[{"href":"https:\/\/sobedrj.com.br\/novo\/wp-json\/wp\/v2\/media?parent=4507"}],"wp:term":[{"taxonomy":"category","embeddable":true,"href":"https:\/\/sobedrj.com.br\/novo\/wp-json\/wp\/v2\/categories?post=4507"},{"taxonomy":"post_tag","embeddable":true,"href":"https:\/\/sobedrj.com.br\/novo\/wp-json\/wp\/v2\/tags?post=4507"}],"curies":[{"name":"wp","href":"https:\/\/api.w.org\/{rel}","templated":true}]}}