{"id":4534,"date":"2017-12-04T21:04:14","date_gmt":"2017-12-04T21:04:14","guid":{"rendered":"http:\/\/sobedrj.com.br\/novo\/?p=4534"},"modified":"2018-01-09T13:35:26","modified_gmt":"2018-01-09T13:35:26","slug":"endo-2020-ja-tem-data","status":"publish","type":"post","link":"https:\/\/sobedrj.com.br\/novo\/2017\/12\/04\/endo-2020-ja-tem-data\/","title":{"rendered":"ENDO 2020 j\u00e1 tem data"},"content":{"rendered":"<p>fonte: SOBED<\/p>\n<p>O Rio de Janeiro\/RJ ser\u00e1 palco da segunda edi\u00e7\u00e3o do maior evento voltado \u00e0 endoscopia entre os dias 7 e 10 de mar\u00e7o de 2020! Durante a XVI Semana Brasileira do Aparelho Digestivo, representantes da SOBED e da WEO reuniram-se e assinaram o acordo oficial para organiza\u00e7\u00e3o conjunta do congresso.<\/p>\n<p>&#8220;Todos os principais endoscopistas do mundo vir\u00e3o ao Pa\u00eds para dividir experi\u00eancias e conhecimento com os m\u00e9dicos brasileiros, o que deve proporcionar uma intera\u00e7\u00e3o \u00edmpar entre as na\u00e7\u00f5es&#8221;, afirma o presidente da SOBED, Dr. Fl\u00e1vio Ejima. &#8220;Tamb\u00e9m representa import\u00e2ncia crucial para a WEO, j\u00e1 que consolidar\u00e1 o congresso mundial de endoscopia como o principal evento da especialidade em todo o globo&#8221;, atesta.<\/p>\n<p>Dentre os destaques, est\u00e1 a presen\u00e7a de refer\u00eancias nacionais envolvidos diretamente na estrutura\u00e7\u00e3o do evento. O vice-presidente do evento \u00e9 o Dr. Jairo Silva Alves, presidente eleito da SOBED; j\u00e1 os Drs. Fl\u00e1vio Ejima e Artur Parada est\u00e3o no Comit\u00ea Diretivo; e os Drs. Paulo Sakai e Glaciomar Machado s\u00e3o do Comit\u00ea Cient\u00edfico. O Dr. Ricardo Dib \u00e9 o respons\u00e1vel por toda a interface entre a SOBED e a WEO, enquanto a presid\u00eancia do ENDO 2020 fica com o m\u00e9dico franc\u00eas Jean-Francois Rey.<\/p>\n<p>A SBAD 2017 estreitou a rela\u00e7\u00e3o de ambas as institui\u00e7\u00f5es, por meio de dois cursos elaborados conjuntamente: Program for Endoscopic Teachers e WEO &#8211; Colorectal Cancer Screening. &#8220;Com o ENDO 2020, sem d\u00favidas marcaremos ainda mais a nossa posi\u00e7\u00e3o no cen\u00e1rio internacional&#8221;, refor\u00e7a o presidente da SOBED. Ejima conta, ainda, que a organiza\u00e7\u00e3o est\u00e1 avan\u00e7ada: a SOBED j\u00e1 locou o centro de conven\u00e7\u00f5es Windsor e os aspectos contratuais e comerciais j\u00e1 est\u00e3o definidos. &#8220;A programa\u00e7\u00e3o cient\u00edfica est\u00e1 sendo definida. A SOBED participar\u00e1 ativamente dos cursos ao vivo, que correr\u00e3o em tr\u00eas dias do Congresso&#8221;, adianta.<\/p>\n<p>A expectativa \u00e9 de que o evento seja um marco n\u00e3o s\u00f3 para a endoscopia brasileira e latino-americana, mas, sobretudo, para todos os profissionais do aparelho digestivo. &#8220;J\u00e1 conquistamos um alto conceito internacional, que corroboraram para a escolha do Brasil como sede do ENDO 2020&#8221;, conclui.<\/p>\n","protected":false},"excerpt":{"rendered":"<p>fonte: SOBED O Rio de Janeiro\/RJ ser\u00e1 palco da segunda edi\u00e7\u00e3o do maior evento voltado \u00e0 endoscopia entre os dias 7 e 10 de mar\u00e7o de 2020! Durante a XVI Semana Brasileira do Aparelho Digestivo, representantes da SOBED e da WEO reuniram-se e assinaram o acordo oficial para organiza\u00e7\u00e3o conjunta do congresso. &#8220;Todos os principais [&hellip;]<\/p>\n","protected":false},"author":1,"featured_media":4467,"comment_status":"closed","ping_status":"open","sticky":false,"template":"","format":"standard","meta":{"ngg_post_thumbnail":0,"footnotes":""},"categories":[2],"tags":[],"class_list":["post-4534","post","type-post","status-publish","format-standard","has-post-thumbnail","hentry","category-noticias"],"aioseo_notices":[],"gutentor_comment":0,"_links":{"self":[{"href":"https:\/\/sobedrj.com.br\/novo\/wp-json\/wp\/v2\/posts\/4534","targetHints":{"allow":["GET"]}}],"collection":[{"href":"https:\/\/sobedrj.com.br\/novo\/wp-json\/wp\/v2\/posts"}],"about":[{"href":"https:\/\/sobedrj.com.br\/novo\/wp-json\/wp\/v2\/types\/post"}],"author":[{"embeddable":true,"href":"https:\/\/sobedrj.com.br\/novo\/wp-json\/wp\/v2\/users\/1"}],"replies":[{"embeddable":true,"href":"https:\/\/sobedrj.com.br\/novo\/wp-json\/wp\/v2\/comments?post=4534"}],"version-history":[{"count":1,"href":"https:\/\/sobedrj.com.br\/novo\/wp-json\/wp\/v2\/posts\/4534\/revisions"}],"predecessor-version":[{"id":4535,"href":"https:\/\/sobedrj.com.br\/novo\/wp-json\/wp\/v2\/posts\/4534\/revisions\/4535"}],"wp:featuredmedia":[{"embeddable":true,"href":"https:\/\/sobedrj.com.br\/novo\/wp-json\/wp\/v2\/media\/4467"}],"wp:attachment":[{"href":"https:\/\/sobedrj.com.br\/novo\/wp-json\/wp\/v2\/media?parent=4534"}],"wp:term":[{"taxonomy":"category","embeddable":true,"href":"https:\/\/sobedrj.com.br\/novo\/wp-json\/wp\/v2\/categories?post=4534"},{"taxonomy":"post_tag","embeddable":true,"href":"https:\/\/sobedrj.com.br\/novo\/wp-json\/wp\/v2\/tags?post=4534"}],"curies":[{"name":"wp","href":"https:\/\/api.w.org\/{rel}","templated":true}]}}