{"id":4554,"date":"2017-12-18T13:21:34","date_gmt":"2017-12-18T13:21:34","guid":{"rendered":"http:\/\/sobedrj.com.br\/novo\/?p=4554"},"modified":"2018-01-09T13:35:12","modified_gmt":"2018-01-09T13:35:12","slug":"nota-de-falecimento-joao-carlos-andreoli","status":"publish","type":"post","link":"https:\/\/sobedrj.com.br\/novo\/2017\/12\/18\/nota-de-falecimento-joao-carlos-andreoli\/","title":{"rendered":"Nota de falecimento: Jo\u00e3o Carlos Andreoli"},"content":{"rendered":"<p>fonte: SOBED<\/p>\n<p>\u00c9 com enorme pesar que a Sociedade Brasileira de Endoscopia Digestiva comunica a toda a comunidade m\u00e9dica o falecimento do Dr. Jo\u00e3o Carlos Andreoli, ex-presidente da institui\u00e7\u00e3o.<\/p>\n<p>Nascido no interior de S\u00e3o Paulo, na cidade de S\u00e3o Jos\u00e9 do Rio Pardo, formou-se em 1976 na Faculdade de Medicina de Ribeir\u00e3o Preto da Universidade de S\u00e3o Paulo; de l\u00e1 seguiu para o Instituto de Gastroenterologia de S\u00e3o Paulo, onde estudou entre 1977 e 1979, quando concluiu seu mestrado. N\u00e3o demorou muito at\u00e9 ir \u00e0 Fran\u00e7a especializar-se em Colangiopancreatografia Retr\u00f3grada Endosc\u00f3pica (CPRE), pa\u00eds em que estagiou por dois anos e fez muitos amigos.<\/p>\n<p>Sua rela\u00e7\u00e3o com a SOBED come\u00e7ou em 1976, quando ambos ainda davam os primeiros passos na endoscopia digestiva: naquele ano, foi ao primeiro congresso organizado pela Sociedade. O envolvimento institucional concretizou-se quando assumiu a presid\u00eancia da estadual paulista. Posteriormente, candidatou-se \u00e0 SOBED Nacional, sendo eleito para o tri\u00eanio 2012-2014.<\/p>\n<p>Durante sua gest\u00e3o, trouxe uma nova formata\u00e7\u00e3o do Simp\u00f3sio Internacional de Endoscopia Digestiva, consagrando o encontro como efetivamente internacional. Al\u00e9m disso, promoveu o Censo SOBED 2014, com o objetivo de tra\u00e7ar um perfil dos associados e mapear a especialidade no Brasil.<\/p>\n<p>Andreoli pautou seu trabalho junto \u00e0 SOBED no crescimento, desenvolvimento e valoriza\u00e7\u00e3o da endoscopia digestiva nacional, sua paix\u00e3o desde estudante de medicina. Todos os seus feitos est\u00e3o marcados na hist\u00f3ria da especialidade e, sobretudo, na hist\u00f3ria da Sociedade, que reconhece o legado deixado pelo seu ex-presidente.<\/p>\n<p>A Sociedade Brasileira de Endoscopia Digestiva lamenta a perda dessa brilhante mente da medicina. Nossa mais sincera solidariedade \u00e0 fam\u00edlia, aos amigos e aos colegas de profiss\u00e3o.<\/p>\n","protected":false},"excerpt":{"rendered":"<p>fonte: SOBED \u00c9 com enorme pesar que a Sociedade Brasileira de Endoscopia Digestiva comunica a toda a comunidade m\u00e9dica o falecimento do Dr. Jo\u00e3o Carlos Andreoli, ex-presidente da institui\u00e7\u00e3o. Nascido no interior de S\u00e3o Paulo, na cidade de S\u00e3o Jos\u00e9 do Rio Pardo, formou-se em 1976 na Faculdade de Medicina de Ribeir\u00e3o Preto da Universidade [&hellip;]<\/p>\n","protected":false},"author":1,"featured_media":2348,"comment_status":"closed","ping_status":"open","sticky":false,"template":"","format":"standard","meta":{"ngg_post_thumbnail":0,"footnotes":""},"categories":[2],"tags":[],"class_list":["post-4554","post","type-post","status-publish","format-standard","has-post-thumbnail","hentry","category-noticias"],"aioseo_notices":[],"gutentor_comment":0,"_links":{"self":[{"href":"https:\/\/sobedrj.com.br\/novo\/wp-json\/wp\/v2\/posts\/4554","targetHints":{"allow":["GET"]}}],"collection":[{"href":"https:\/\/sobedrj.com.br\/novo\/wp-json\/wp\/v2\/posts"}],"about":[{"href":"https:\/\/sobedrj.com.br\/novo\/wp-json\/wp\/v2\/types\/post"}],"author":[{"embeddable":true,"href":"https:\/\/sobedrj.com.br\/novo\/wp-json\/wp\/v2\/users\/1"}],"replies":[{"embeddable":true,"href":"https:\/\/sobedrj.com.br\/novo\/wp-json\/wp\/v2\/comments?post=4554"}],"version-history":[{"count":2,"href":"https:\/\/sobedrj.com.br\/novo\/wp-json\/wp\/v2\/posts\/4554\/revisions"}],"predecessor-version":[{"id":4556,"href":"https:\/\/sobedrj.com.br\/novo\/wp-json\/wp\/v2\/posts\/4554\/revisions\/4556"}],"wp:featuredmedia":[{"embeddable":true,"href":"https:\/\/sobedrj.com.br\/novo\/wp-json\/wp\/v2\/media\/2348"}],"wp:attachment":[{"href":"https:\/\/sobedrj.com.br\/novo\/wp-json\/wp\/v2\/media?parent=4554"}],"wp:term":[{"taxonomy":"category","embeddable":true,"href":"https:\/\/sobedrj.com.br\/novo\/wp-json\/wp\/v2\/categories?post=4554"},{"taxonomy":"post_tag","embeddable":true,"href":"https:\/\/sobedrj.com.br\/novo\/wp-json\/wp\/v2\/tags?post=4554"}],"curies":[{"name":"wp","href":"https:\/\/api.w.org\/{rel}","templated":true}]}}