{"id":4630,"date":"2018-01-22T13:31:13","date_gmt":"2018-01-22T13:31:13","guid":{"rendered":"http:\/\/sobedrj.com.br\/novo\/?p=4630"},"modified":"2018-01-23T10:47:55","modified_gmt":"2018-01-23T10:47:55","slug":"digesul-2018-ocorre-em-abril-em-curitiba","status":"publish","type":"post","link":"https:\/\/sobedrj.com.br\/novo\/2018\/01\/22\/digesul-2018-ocorre-em-abril-em-curitiba\/","title":{"rendered":"Digesul 2018 ocorre em abril em Curitiba"},"content":{"rendered":"<p>fonte: SOBED<\/p>\n<p>As estaduais Santa Catarina e Paran\u00e1 da SOBED, com apoio da SOBED Nacional, promovem o Congresso Sul-Brasileiro de Doen\u00e7as Digestivas (Digesul 2018), entre os dias 19 e 21 de abril. Com miniconfer\u00eancias e v\u00eddeos comentados, a programa\u00e7\u00e3o, voltada \u00e0 Endoscopia Digestiva, abordar\u00e1 diagn\u00f3stico e acompanhamento endosc\u00f3pico do paciente cel\u00edaco; investiga\u00e7\u00e3o de estenose maligna biliar; retirada de anel de bypass g\u00e1strico com pr\u00f3tese autoexpansiva; e hemorragia digestiva, entre outros temas.<\/p>\n<p>O Congresso acontecer\u00e1 no Centro de Eventos Sistema Fiep, em Curitiba\/PR. Saiba mais\u00a0<a href=\"http:\/\/www.digesul.com.br\/\"><b><strong>aqui<\/strong><\/b><\/a>.<\/p>\n","protected":false},"excerpt":{"rendered":"<p>fonte: SOBED As estaduais Santa Catarina e Paran\u00e1 da SOBED, com apoio da SOBED Nacional, promovem o Congresso Sul-Brasileiro de Doen\u00e7as Digestivas (Digesul 2018), entre os dias 19 e 21 de abril. Com miniconfer\u00eancias e v\u00eddeos comentados, a programa\u00e7\u00e3o, voltada \u00e0 Endoscopia Digestiva, abordar\u00e1 diagn\u00f3stico e acompanhamento endosc\u00f3pico do paciente cel\u00edaco; investiga\u00e7\u00e3o de estenose maligna [&hellip;]<\/p>\n","protected":false},"author":1,"featured_media":4631,"comment_status":"closed","ping_status":"open","sticky":false,"template":"","format":"standard","meta":{"ngg_post_thumbnail":0,"footnotes":""},"categories":[2],"tags":[],"class_list":["post-4630","post","type-post","status-publish","format-standard","has-post-thumbnail","hentry","category-noticias"],"aioseo_notices":[],"gutentor_comment":0,"_links":{"self":[{"href":"https:\/\/sobedrj.com.br\/novo\/wp-json\/wp\/v2\/posts\/4630","targetHints":{"allow":["GET"]}}],"collection":[{"href":"https:\/\/sobedrj.com.br\/novo\/wp-json\/wp\/v2\/posts"}],"about":[{"href":"https:\/\/sobedrj.com.br\/novo\/wp-json\/wp\/v2\/types\/post"}],"author":[{"embeddable":true,"href":"https:\/\/sobedrj.com.br\/novo\/wp-json\/wp\/v2\/users\/1"}],"replies":[{"embeddable":true,"href":"https:\/\/sobedrj.com.br\/novo\/wp-json\/wp\/v2\/comments?post=4630"}],"version-history":[{"count":1,"href":"https:\/\/sobedrj.com.br\/novo\/wp-json\/wp\/v2\/posts\/4630\/revisions"}],"predecessor-version":[{"id":4632,"href":"https:\/\/sobedrj.com.br\/novo\/wp-json\/wp\/v2\/posts\/4630\/revisions\/4632"}],"wp:featuredmedia":[{"embeddable":true,"href":"https:\/\/sobedrj.com.br\/novo\/wp-json\/wp\/v2\/media\/4631"}],"wp:attachment":[{"href":"https:\/\/sobedrj.com.br\/novo\/wp-json\/wp\/v2\/media?parent=4630"}],"wp:term":[{"taxonomy":"category","embeddable":true,"href":"https:\/\/sobedrj.com.br\/novo\/wp-json\/wp\/v2\/categories?post=4630"},{"taxonomy":"post_tag","embeddable":true,"href":"https:\/\/sobedrj.com.br\/novo\/wp-json\/wp\/v2\/tags?post=4630"}],"curies":[{"name":"wp","href":"https:\/\/api.w.org\/{rel}","templated":true}]}}