{"id":4647,"date":"2018-01-30T13:35:15","date_gmt":"2018-01-30T13:35:15","guid":{"rendered":"http:\/\/sobedrj.com.br\/novo\/?p=4647"},"modified":"2018-01-30T18:35:08","modified_gmt":"2018-01-30T18:35:08","slug":"medica-da-ebserh-conquista-aplicacao-do-teto-salarial-por-vinculo-em-separado","status":"publish","type":"post","link":"https:\/\/sobedrj.com.br\/novo\/2018\/01\/30\/medica-da-ebserh-conquista-aplicacao-do-teto-salarial-por-vinculo-em-separado\/","title":{"rendered":"M\u00e9dica da Ebserh conquista aplica\u00e7\u00e3o do teto salarial por v\u00ednculo em separado"},"content":{"rendered":"<p>fonte: FENAM<\/p>\n<p>Uma m\u00e9dica da Empresa Brasileira de Servi\u00e7os Hospitalares (Ebserh), representada pela assessoria jur\u00eddica da Federa\u00e7\u00e3o Nacional dos M\u00e9dicos (FENAM), e do Sindicato dos M\u00e9dicos do Distrito Federal (Sindm\u00e9dico), conquistou, na Justi\u00e7a do Trabalho, aplica\u00e7\u00e3o do teto salarial por v\u00ednculo em separado.<\/p>\n<p>Essa decis\u00e3o foi concedida pelo Juiz da 9\u00aa vara do Trabalho, via liminar, e est\u00e1 sendo comemorada pelas entidades m\u00e9dicas, pois os m\u00e9dicos da Ebserh, ao acumular dois v\u00ednculos que ultrapassassem o teto remunerat\u00f3rio, vinham sofrendo grandes descontos nas somas das duas remunera\u00e7\u00f5es, no ac\u00famulo do v\u00ednculo.<\/p>\n<p>O advogado da FENAM, Luiz Felipe Buaiz, disse que a a\u00e7\u00e3o j\u00e1 demonstra o posicionamento positivo do juiz com rela\u00e7\u00e3o \u00e0 aplica\u00e7\u00e3o do teto por v\u00ednculo. \u201cEssa decis\u00e3o veio em decorr\u00eancia de uma outra a\u00e7\u00e3o, de recurso extraordin\u00e1rio 612975, sobre a incid\u00eancia do teto remunerat\u00f3rio no caso de acumula\u00e7\u00e3o de cargos p\u00fablicos. A FENAM e o Sindm\u00e9dico, atuaram no processo como &#8220;Amicus curiae&#8221;, ou seja, amigo do tribunal, e obtiveram, juntamente com a parte principal do processo, a vit\u00f3ria no Supremo Tribunal Federal (STF), que reconheceu que o teto tem que ser aplicado por v\u00ednculo e n\u00e3o na soma dos v\u00ednculos no caso de acumula\u00e7\u00e3o\u201d, esclareceu.<\/p>\n<p>O advogado destacou ainda que o Sindm\u00e9dico j\u00e1 havia alcan\u00e7ado esta vit\u00f3ria, no recurso de Mandato de Seguran\u00e7a N\u00famero 33100, no Superior Tribunal de Justi\u00e7a (STJ), onde a ministra Helena Calmon entendeu que para o servidor ocupante de cargo m\u00e9dico na administra\u00e7\u00e3o p\u00fablica do Governo do Distrito Federal, o teto deveria ser aplicado por v\u00ednculo em separado, e n\u00e3o por soma, no caso de acumula\u00e7\u00e3o de cargos.<\/p>\n<p>Apesar de ainda ser uma a\u00e7\u00e3o liminar, o advogado reitera que essa vit\u00f3ria veio somar a toda uma trajet\u00f3ria de luta sobre a recupera\u00e7\u00e3o da remunera\u00e7\u00e3o dos m\u00e9dicos que vinham sofrendo descontos nos sal\u00e1rios, em casos de acumula\u00e7\u00e3o l\u00edcita de cargos.<\/p>\n","protected":false},"excerpt":{"rendered":"<p>fonte: FENAM Uma m\u00e9dica da Empresa Brasileira de Servi\u00e7os Hospitalares (Ebserh), representada pela assessoria jur\u00eddica da Federa\u00e7\u00e3o Nacional dos M\u00e9dicos (FENAM), e do Sindicato dos M\u00e9dicos do Distrito Federal (Sindm\u00e9dico), conquistou, na Justi\u00e7a do Trabalho, aplica\u00e7\u00e3o do teto salarial por v\u00ednculo em separado. Essa decis\u00e3o foi concedida pelo Juiz da 9\u00aa vara do Trabalho, via [&hellip;]<\/p>\n","protected":false},"author":1,"featured_media":0,"comment_status":"closed","ping_status":"open","sticky":false,"template":"","format":"standard","meta":{"ngg_post_thumbnail":0,"footnotes":""},"categories":[2],"tags":[],"class_list":["post-4647","post","type-post","status-publish","format-standard","hentry","category-noticias"],"aioseo_notices":[],"gutentor_comment":0,"_links":{"self":[{"href":"https:\/\/sobedrj.com.br\/novo\/wp-json\/wp\/v2\/posts\/4647","targetHints":{"allow":["GET"]}}],"collection":[{"href":"https:\/\/sobedrj.com.br\/novo\/wp-json\/wp\/v2\/posts"}],"about":[{"href":"https:\/\/sobedrj.com.br\/novo\/wp-json\/wp\/v2\/types\/post"}],"author":[{"embeddable":true,"href":"https:\/\/sobedrj.com.br\/novo\/wp-json\/wp\/v2\/users\/1"}],"replies":[{"embeddable":true,"href":"https:\/\/sobedrj.com.br\/novo\/wp-json\/wp\/v2\/comments?post=4647"}],"version-history":[{"count":1,"href":"https:\/\/sobedrj.com.br\/novo\/wp-json\/wp\/v2\/posts\/4647\/revisions"}],"predecessor-version":[{"id":4648,"href":"https:\/\/sobedrj.com.br\/novo\/wp-json\/wp\/v2\/posts\/4647\/revisions\/4648"}],"wp:attachment":[{"href":"https:\/\/sobedrj.com.br\/novo\/wp-json\/wp\/v2\/media?parent=4647"}],"wp:term":[{"taxonomy":"category","embeddable":true,"href":"https:\/\/sobedrj.com.br\/novo\/wp-json\/wp\/v2\/categories?post=4647"},{"taxonomy":"post_tag","embeddable":true,"href":"https:\/\/sobedrj.com.br\/novo\/wp-json\/wp\/v2\/tags?post=4647"}],"curies":[{"name":"wp","href":"https:\/\/api.w.org\/{rel}","templated":true}]}}