{"id":4654,"date":"2018-01-30T14:02:27","date_gmt":"2018-01-30T14:02:27","guid":{"rendered":"http:\/\/sobedrj.com.br\/novo\/?p=4654"},"modified":"2018-01-30T18:34:43","modified_gmt":"2018-01-30T18:34:43","slug":"prova-de-titulo-de-especialista-em-endoscopia-e-certificado-de-area-de-atuacao-em-endoscopia-digestiva","status":"publish","type":"post","link":"https:\/\/sobedrj.com.br\/novo\/2018\/01\/30\/prova-de-titulo-de-especialista-em-endoscopia-e-certificado-de-area-de-atuacao-em-endoscopia-digestiva\/","title":{"rendered":"Prova de t\u00edtulo de especialista em Endoscopia e certificado de \u00e1rea de atua\u00e7\u00e3o em Endoscopia Digestiva"},"content":{"rendered":"<p>fonte: SOBED<\/p>\n<div>No dia 18 de maio, concomitantemente ao XII Simp\u00f3sio Internacional de Endoscopia Digestiva e ao Congresso Norte-Nordeste de Gastroenterologia, ser\u00e1 realizada a Prova de T\u00edtulo de Especialista em Endoscopia e\/ou Certificado de \u00c1rea de Atua\u00e7\u00e3o em Endoscopia Digestiva, promovida pela SOBED, em Jo\u00e3o Pessoa\/PB. Realizada em parceria com a Associa\u00e7\u00e3o M\u00e9dica Brasileira, associados quites de ambas as entidades contam com desconto na taxa de inscri\u00e7\u00e3o.<\/p>\n<\/div>\n<div>As inscri\u00e7\u00f5es est\u00e3o abertas at\u00e9 2 de abril, pelo site da SOBED<\/p>\n<\/div>\n<div>O evento acontece de 17 a 19 de maio, no Centro de Conven\u00e7\u00f5es de Jo\u00e3o Pessoa &#8211; Poeta Ronaldo Cunha Lima.<\/p>\n<\/div>\n<div><strong>Leia atentamente aos editais:<\/strong><\/div>\n<div><strong>\u00a0<\/strong><\/div>\n<div><a class=\"fr-file\" href=\"http:\/\/sistema.sobedadm.org.br\/upload\/froala\/240120181750598ecd26bf-cc4e-4f32-99d6-edd4014d5396.pdf\" target=\"_blank\" rel=\"noopener noreferrer\">Edital &#8211; Certificado de \u00c1rea de Atua\u00e7\u00e3o em Endoscopia Digestiva.<\/a><\/div>\n<div><\/div>\n<div><a class=\"fr-file\" href=\"http:\/\/sistema.sobedadm.org.br\/upload\/froala\/240120181751162a46e80f-a45d-4cd5-b6ea-d1733285052e.pdf\" target=\"_blank\" rel=\"noopener noreferrer\">Edital &#8211; T\u00edtulo de Especialista em Endoscopia.<\/a><\/div>\n<div>Para inscrever-se, acesse:<\/p>\n<\/div>\n<div>Associado SOBED \u2013<span class=\"Apple-converted-space\">\u00a0<\/span><a href=\"http:\/\/sobedadm.org.br\/sga\/institucional\/login.php\" target=\"_blank\" rel=\"noopener noreferrer\">clique aqui<\/a>.<\/p>\n<\/div>\n<div>N\u00e3o associado SOBED \u2013<span class=\"Apple-converted-space\">\u00a0<\/span><a href=\"http:\/\/sobedadm.org.br\/sga\/institucional\/naosocio\/login.php\" target=\"_blank\" rel=\"noopener noreferrer\">clique aqui<\/a>.<\/div>\n","protected":false},"excerpt":{"rendered":"<p>fonte: SOBED No dia 18 de maio, concomitantemente ao XII Simp\u00f3sio Internacional de Endoscopia Digestiva e ao Congresso Norte-Nordeste de Gastroenterologia, ser\u00e1 realizada a Prova de T\u00edtulo de Especialista em Endoscopia e\/ou Certificado de \u00c1rea de Atua\u00e7\u00e3o em Endoscopia Digestiva, promovida pela SOBED, em Jo\u00e3o Pessoa\/PB. Realizada em parceria com a Associa\u00e7\u00e3o M\u00e9dica Brasileira, associados [&hellip;]<\/p>\n","protected":false},"author":1,"featured_media":4655,"comment_status":"closed","ping_status":"open","sticky":false,"template":"","format":"standard","meta":{"ngg_post_thumbnail":0,"footnotes":""},"categories":[2],"tags":[],"class_list":["post-4654","post","type-post","status-publish","format-standard","has-post-thumbnail","hentry","category-noticias"],"aioseo_notices":[],"gutentor_comment":0,"_links":{"self":[{"href":"https:\/\/sobedrj.com.br\/novo\/wp-json\/wp\/v2\/posts\/4654","targetHints":{"allow":["GET"]}}],"collection":[{"href":"https:\/\/sobedrj.com.br\/novo\/wp-json\/wp\/v2\/posts"}],"about":[{"href":"https:\/\/sobedrj.com.br\/novo\/wp-json\/wp\/v2\/types\/post"}],"author":[{"embeddable":true,"href":"https:\/\/sobedrj.com.br\/novo\/wp-json\/wp\/v2\/users\/1"}],"replies":[{"embeddable":true,"href":"https:\/\/sobedrj.com.br\/novo\/wp-json\/wp\/v2\/comments?post=4654"}],"version-history":[{"count":1,"href":"https:\/\/sobedrj.com.br\/novo\/wp-json\/wp\/v2\/posts\/4654\/revisions"}],"predecessor-version":[{"id":4656,"href":"https:\/\/sobedrj.com.br\/novo\/wp-json\/wp\/v2\/posts\/4654\/revisions\/4656"}],"wp:featuredmedia":[{"embeddable":true,"href":"https:\/\/sobedrj.com.br\/novo\/wp-json\/wp\/v2\/media\/4655"}],"wp:attachment":[{"href":"https:\/\/sobedrj.com.br\/novo\/wp-json\/wp\/v2\/media?parent=4654"}],"wp:term":[{"taxonomy":"category","embeddable":true,"href":"https:\/\/sobedrj.com.br\/novo\/wp-json\/wp\/v2\/categories?post=4654"},{"taxonomy":"post_tag","embeddable":true,"href":"https:\/\/sobedrj.com.br\/novo\/wp-json\/wp\/v2\/tags?post=4654"}],"curies":[{"name":"wp","href":"https:\/\/api.w.org\/{rel}","templated":true}]}}