{"id":4664,"date":"2018-01-30T18:50:44","date_gmt":"2018-01-30T18:50:44","guid":{"rendered":"http:\/\/sobedrj.com.br\/novo\/?p=4664"},"modified":"2018-02-26T13:57:10","modified_gmt":"2018-02-26T13:57:10","slug":"1a-reuniao-cientifica-da-sobed-rj-em-2018-ocorre-em-12-de-marco-veja-a-programacao","status":"publish","type":"post","link":"https:\/\/sobedrj.com.br\/novo\/2018\/01\/30\/1a-reuniao-cientifica-da-sobed-rj-em-2018-ocorre-em-12-de-marco-veja-a-programacao\/","title":{"rendered":"1\u00aa reuni\u00e3o cient\u00edfica da SOBED-RJ em 2018 ocorre em 12 de mar\u00e7o. Veja a programa\u00e7\u00e3o!"},"content":{"rendered":"<p>A SOBED-RJ come\u00e7a seu calend\u00e1rio de atividades em 2018 no m\u00eas de mar\u00e7o, quando ocorre a 1\u00aa reuni\u00e3o cient\u00edfica do ano. O evento ser\u00e1 realizado no dia 12, segunda-feira, a partir das 19h, no audit\u00f3rio do centro de estudos do Hospital Samaritano, em Botafogo.<\/p>\n<p><strong>CONFIRA A PROGRAMA\u00c7\u00c3O:<\/strong><\/p>\n<p style=\"text-align: center;\"><em>Mesa-redonda sobre Es\u00f4fago de Barrett<\/em><\/p>\n<p style=\"text-align: center;\"><strong>Modera\u00e7\u00e3o<\/strong>: Dra. Maria Elizabeth Cardoso de Castro (presidente da SOBED-RJ)<\/p>\n<p style=\"text-align: center;\"><strong>Conduta Cl\u00ednica<\/strong>: Dr. Luiz Abrah\u00e3o Junior (UFRJ)<\/p>\n<p style=\"text-align: center;\"><strong>Diagn\u00f3stico e Tratamento Endosc\u00f3pico<\/strong>: Dra. Ana Maria Zuccaro (HFI)<\/p>\n<p style=\"text-align: center;\"><strong>Conduta Cir\u00fargica:<\/strong>\u00a0Dr. Renato Luna (HFSE)<\/p>\n<p>Nos pr\u00f3ximos meses ainda teremos em abril <em>Oficina de Hemorragia Digestiva<\/em> e em maio reuni\u00e3o cient\u00edfica de <em>Teste seus conhecimentos<\/em>.<\/p>\n<p>O audit\u00f3rio do centro de estudos do Hospital Samaritano fica na Rua Assun\u00e7\u00e3o, 286, em Botafogo. Ao lado h\u00e1 um estacionamento rotativo.<\/p>\n<p><strong>SAIBA COMO CHEGAR<\/strong><\/p>\n<p style=\"text-align: center;\"><iframe loading=\"lazy\" style=\"border: 0;\" src=\"https:\/\/www.google.com\/maps\/embed?pb=!1m18!1m12!1m3!1d3674.1192310498573!2d-43.18907698562396!3d-22.945835645032904!2m3!1f0!2f0!3f0!3m2!1i1024!2i768!4f13.1!3m3!1m2!1s0x997fec2cbc4c1f%3A0xe93615a10e38b3aa!2sRua+Assun%C3%A7%C3%A3o%2C+286+-+Botafogo%2C+Rio+de+Janeiro+-+RJ%2C+22251-030!5e0!3m2!1spt-BR!2sbr!4v1517338137267\" width=\"600\" height=\"450\" frameborder=\"0\" allowfullscreen=\"allowfullscreen\"><\/iframe><\/p>\n","protected":false},"excerpt":{"rendered":"<p>A SOBED-RJ come\u00e7a seu calend\u00e1rio de atividades em 2018 no m\u00eas de mar\u00e7o, quando ocorre a 1\u00aa reuni\u00e3o cient\u00edfica do ano. O evento ser\u00e1 realizado no dia 12, segunda-feira, a partir das 19h, no audit\u00f3rio do centro de estudos do Hospital Samaritano, em Botafogo. CONFIRA A PROGRAMA\u00c7\u00c3O: Mesa-redonda sobre Es\u00f4fago de Barrett Modera\u00e7\u00e3o: Dra. Maria [&hellip;]<\/p>\n","protected":false},"author":1,"featured_media":0,"comment_status":"closed","ping_status":"open","sticky":false,"template":"","format":"standard","meta":{"ngg_post_thumbnail":0,"footnotes":""},"categories":[2],"tags":[],"class_list":["post-4664","post","type-post","status-publish","format-standard","hentry","category-noticias"],"aioseo_notices":[],"gutentor_comment":0,"_links":{"self":[{"href":"https:\/\/sobedrj.com.br\/novo\/wp-json\/wp\/v2\/posts\/4664","targetHints":{"allow":["GET"]}}],"collection":[{"href":"https:\/\/sobedrj.com.br\/novo\/wp-json\/wp\/v2\/posts"}],"about":[{"href":"https:\/\/sobedrj.com.br\/novo\/wp-json\/wp\/v2\/types\/post"}],"author":[{"embeddable":true,"href":"https:\/\/sobedrj.com.br\/novo\/wp-json\/wp\/v2\/users\/1"}],"replies":[{"embeddable":true,"href":"https:\/\/sobedrj.com.br\/novo\/wp-json\/wp\/v2\/comments?post=4664"}],"version-history":[{"count":4,"href":"https:\/\/sobedrj.com.br\/novo\/wp-json\/wp\/v2\/posts\/4664\/revisions"}],"predecessor-version":[{"id":4704,"href":"https:\/\/sobedrj.com.br\/novo\/wp-json\/wp\/v2\/posts\/4664\/revisions\/4704"}],"wp:attachment":[{"href":"https:\/\/sobedrj.com.br\/novo\/wp-json\/wp\/v2\/media?parent=4664"}],"wp:term":[{"taxonomy":"category","embeddable":true,"href":"https:\/\/sobedrj.com.br\/novo\/wp-json\/wp\/v2\/categories?post=4664"},{"taxonomy":"post_tag","embeddable":true,"href":"https:\/\/sobedrj.com.br\/novo\/wp-json\/wp\/v2\/tags?post=4664"}],"curies":[{"name":"wp","href":"https:\/\/api.w.org\/{rel}","templated":true}]}}