{"id":4705,"date":"2018-02-08T12:26:58","date_gmt":"2018-02-08T12:26:58","guid":{"rendered":"http:\/\/sobedrj.com.br\/novo\/?p=4705"},"modified":"2018-02-26T13:57:02","modified_gmt":"2018-02-26T13:57:02","slug":"endo-2020-visita-tecnica-em-hospitais-do-rio-de-janeiro","status":"publish","type":"post","link":"https:\/\/sobedrj.com.br\/novo\/2018\/02\/08\/endo-2020-visita-tecnica-em-hospitais-do-rio-de-janeiro\/","title":{"rendered":"ENDO 2020: visita t\u00e9cnica em hospitais do Rio de Janeiro"},"content":{"rendered":"<p><img loading=\"lazy\" decoding=\"async\" class=\"aligncenter size-full wp-image-4706\" src=\"http:\/\/sobedrj.com.br\/novo\/wp-content\/uploads\/2018\/02\/endo2020_fev_2018_.jpeg\" alt=\"\" width=\"600\" height=\"400\" srcset=\"https:\/\/sobedrj.com.br\/novo\/wp-content\/uploads\/2018\/02\/endo2020_fev_2018_.jpeg 600w, https:\/\/sobedrj.com.br\/novo\/wp-content\/uploads\/2018\/02\/endo2020_fev_2018_-300x200.jpeg 300w\" sizes=\"auto, (max-width: 600px) 100vw, 600px\" \/>fonte: SOBED<\/p>\n<p>Os preparativos para o ENDO 2020 est\u00e3o a todo vapor! No primeiro dia de fevereiro, o presidente da SOBED, Dr. Fl\u00e1vio Ejima, fez visitas t\u00e9cnicas em tr\u00eas hospitais cariocas: Geral de Ipanema, do INCA e Marcilio Dias! Entre os especialistas que acompanharam est\u00e3o os Drs. Ricardo Dib, diretor de sede, Ana Maria Zuccaro, presidente da Comiss\u00e3o de \u00c9tica e Defesa Profissional, e Afonso Celso da Silva Paredes, secret\u00e1rio.<\/p>\n","protected":false},"excerpt":{"rendered":"<p>fonte: SOBED Os preparativos para o ENDO 2020 est\u00e3o a todo vapor! No primeiro dia de fevereiro, o presidente da SOBED, Dr. Fl\u00e1vio Ejima, fez visitas t\u00e9cnicas em tr\u00eas hospitais cariocas: Geral de Ipanema, do INCA e Marcilio Dias! Entre os especialistas que acompanharam est\u00e3o os Drs. Ricardo Dib, diretor de sede, Ana Maria Zuccaro, [&hellip;]<\/p>\n","protected":false},"author":1,"featured_media":4707,"comment_status":"closed","ping_status":"open","sticky":false,"template":"","format":"standard","meta":{"ngg_post_thumbnail":0,"footnotes":""},"categories":[2],"tags":[],"class_list":["post-4705","post","type-post","status-publish","format-standard","has-post-thumbnail","hentry","category-noticias"],"aioseo_notices":[],"gutentor_comment":0,"_links":{"self":[{"href":"https:\/\/sobedrj.com.br\/novo\/wp-json\/wp\/v2\/posts\/4705","targetHints":{"allow":["GET"]}}],"collection":[{"href":"https:\/\/sobedrj.com.br\/novo\/wp-json\/wp\/v2\/posts"}],"about":[{"href":"https:\/\/sobedrj.com.br\/novo\/wp-json\/wp\/v2\/types\/post"}],"author":[{"embeddable":true,"href":"https:\/\/sobedrj.com.br\/novo\/wp-json\/wp\/v2\/users\/1"}],"replies":[{"embeddable":true,"href":"https:\/\/sobedrj.com.br\/novo\/wp-json\/wp\/v2\/comments?post=4705"}],"version-history":[{"count":1,"href":"https:\/\/sobedrj.com.br\/novo\/wp-json\/wp\/v2\/posts\/4705\/revisions"}],"predecessor-version":[{"id":4708,"href":"https:\/\/sobedrj.com.br\/novo\/wp-json\/wp\/v2\/posts\/4705\/revisions\/4708"}],"wp:featuredmedia":[{"embeddable":true,"href":"https:\/\/sobedrj.com.br\/novo\/wp-json\/wp\/v2\/media\/4707"}],"wp:attachment":[{"href":"https:\/\/sobedrj.com.br\/novo\/wp-json\/wp\/v2\/media?parent=4705"}],"wp:term":[{"taxonomy":"category","embeddable":true,"href":"https:\/\/sobedrj.com.br\/novo\/wp-json\/wp\/v2\/categories?post=4705"},{"taxonomy":"post_tag","embeddable":true,"href":"https:\/\/sobedrj.com.br\/novo\/wp-json\/wp\/v2\/tags?post=4705"}],"curies":[{"name":"wp","href":"https:\/\/api.w.org\/{rel}","templated":true}]}}