{"id":4751,"date":"2018-02-26T13:12:34","date_gmt":"2018-02-26T13:12:34","guid":{"rendered":"http:\/\/sobedrj.com.br\/novo\/?p=4751"},"modified":"2018-02-26T14:57:25","modified_gmt":"2018-02-26T14:57:25","slug":"ato-em-defesa-dos-hospitais-federais-acontece-nesta-quarta-feira","status":"publish","type":"post","link":"https:\/\/sobedrj.com.br\/novo\/2018\/02\/26\/ato-em-defesa-dos-hospitais-federais-acontece-nesta-quarta-feira\/","title":{"rendered":"Ato em defesa dos hospitais federais acontece nesta quarta-feira"},"content":{"rendered":"<p>fonte: CREMERJ<\/p>\n<p>M\u00e9dicos e entidades m\u00e9dicas promovem Ato em Defesa dos Hospitais Federais na quarta-feira,28, \u00e0s 10h, em frente ao Hospital Federal de Bonsucesso.<\/p>\n<p>Reivindica\u00e7\u00f5es:<\/p>\n<p>&#8211; pela reabertura da emerg\u00eancia do HFB com os profissionais necess\u00e1rios;<\/p>\n<p>&#8211; \u00a0nenhum servi\u00e7o de sa\u00fade a menos;<\/p>\n<p>&#8211; certame j\u00e1;<\/p>\n<p>&#8211; pela valoriza\u00e7\u00e3o da carreira dos servidores do Minist\u00e9rio da Sa\u00fade.<\/p>\n<p style=\"text-align: center;\"><strong>Ato em Defesa dos Hospitais Federais<\/strong><\/p>\n<p style=\"text-align: center;\"><strong>28 de fevereiro (quarta-feira)<\/strong><\/p>\n<p style=\"text-align: center;\"><strong>Hospital Federal de Bonsucesso<\/strong><\/p>\n<p style=\"text-align: center;\"><strong>(Av. Londres, 616, Bonsucesso)<\/strong><\/p>\n","protected":false},"excerpt":{"rendered":"<p>fonte: CREMERJ M\u00e9dicos e entidades m\u00e9dicas promovem Ato em Defesa dos Hospitais Federais na quarta-feira,28, \u00e0s 10h, em frente ao Hospital Federal de Bonsucesso. Reivindica\u00e7\u00f5es: &#8211; pela reabertura da emerg\u00eancia do HFB com os profissionais necess\u00e1rios; &#8211; \u00a0nenhum servi\u00e7o de sa\u00fade a menos; &#8211; certame j\u00e1; &#8211; pela valoriza\u00e7\u00e3o da carreira dos servidores do Minist\u00e9rio [&hellip;]<\/p>\n","protected":false},"author":1,"featured_media":4752,"comment_status":"closed","ping_status":"open","sticky":false,"template":"","format":"standard","meta":{"ngg_post_thumbnail":0,"footnotes":""},"categories":[2],"tags":[],"class_list":["post-4751","post","type-post","status-publish","format-standard","has-post-thumbnail","hentry","category-noticias"],"aioseo_notices":[],"gutentor_comment":0,"_links":{"self":[{"href":"https:\/\/sobedrj.com.br\/novo\/wp-json\/wp\/v2\/posts\/4751","targetHints":{"allow":["GET"]}}],"collection":[{"href":"https:\/\/sobedrj.com.br\/novo\/wp-json\/wp\/v2\/posts"}],"about":[{"href":"https:\/\/sobedrj.com.br\/novo\/wp-json\/wp\/v2\/types\/post"}],"author":[{"embeddable":true,"href":"https:\/\/sobedrj.com.br\/novo\/wp-json\/wp\/v2\/users\/1"}],"replies":[{"embeddable":true,"href":"https:\/\/sobedrj.com.br\/novo\/wp-json\/wp\/v2\/comments?post=4751"}],"version-history":[{"count":2,"href":"https:\/\/sobedrj.com.br\/novo\/wp-json\/wp\/v2\/posts\/4751\/revisions"}],"predecessor-version":[{"id":4754,"href":"https:\/\/sobedrj.com.br\/novo\/wp-json\/wp\/v2\/posts\/4751\/revisions\/4754"}],"wp:featuredmedia":[{"embeddable":true,"href":"https:\/\/sobedrj.com.br\/novo\/wp-json\/wp\/v2\/media\/4752"}],"wp:attachment":[{"href":"https:\/\/sobedrj.com.br\/novo\/wp-json\/wp\/v2\/media?parent=4751"}],"wp:term":[{"taxonomy":"category","embeddable":true,"href":"https:\/\/sobedrj.com.br\/novo\/wp-json\/wp\/v2\/categories?post=4751"},{"taxonomy":"post_tag","embeddable":true,"href":"https:\/\/sobedrj.com.br\/novo\/wp-json\/wp\/v2\/tags?post=4751"}],"curies":[{"name":"wp","href":"https:\/\/api.w.org\/{rel}","templated":true}]}}