{"id":4770,"date":"2018-03-05T11:55:27","date_gmt":"2018-03-05T11:55:27","guid":{"rendered":"http:\/\/sobedrj.com.br\/novo\/?p=4770"},"modified":"2018-03-06T11:10:59","modified_gmt":"2018-03-06T11:10:59","slug":"camara-tecnica-do-cfm-trabalha-em-competencias-do-clinico-medico-internistas","status":"publish","type":"post","link":"https:\/\/sobedrj.com.br\/novo\/2018\/03\/05\/camara-tecnica-do-cfm-trabalha-em-competencias-do-clinico-medico-internistas\/","title":{"rendered":"C\u00e2mara T\u00e9cnica do CFM trabalha em compet\u00eancias do cl\u00ednico m\u00e9dico \/ internistas"},"content":{"rendered":"<p>fonte: CFM<\/p>\n<p>A C\u00e2mara T\u00e9cnica de Cl\u00ednica M\u00e9dica do Conselho Federal de Medicina (CFM) trabalha na elabora\u00e7\u00e3o da Matriz de Compet\u00eancias do Cl\u00ednico\/Internista, documento que tem por objetivo orientar a forma\u00e7\u00e3o e o desenvolvimento de conhecimentos, habilidades e atitudes do especialista. A proposta ser\u00e1 implementada como base para o ensino e aprimoramento da especialidade. (<a href=\"http:\/\/portal.cfm.org.br\/images\/PDF\/competenciasclinico.pdf\" target=\"_blank\" rel=\"noopener noreferrer\">acesse em PDF aqui<\/a>).<\/p>\n<div>Neste processo, a C\u00e2mara T\u00e9cnica quer ouvir as sugest\u00f5es dos especialistas brasileiros. \u201cQueremos que o documento seja ponto de partida para a produ\u00e7\u00e3o, de forma conjunta, de um referencial em prol da valoriza\u00e7\u00e3o da especialidade. Aguardamos as opini\u00f5es diversas para aprimoramento desta proposta\u201d, apontou o coordenador da C\u00e2mara T\u00e9cnica de Cl\u00ednica M\u00e9dica, Mauro Ribeiro.<\/div>\n<div><\/div>\n<div>At\u00e9 o dia 20 de abril, m\u00e9dicos regularmente inscritos nos Conselhos Regionais de Medicina (CRMs) podem encaminhar propostas de altera\u00e7\u00e3o, inclus\u00e3o ou supress\u00e3o de textos. As novas sugest\u00f5es ser\u00e3o analisadas pela C\u00e2mara T\u00e9cnica, que j\u00e1 tem agenda de reuni\u00f5es previstas para dar andamento a esse processo de revis\u00e3o. Quando finalizado, o material ainda passar\u00e1 para avalia\u00e7\u00e3o do Plen\u00e1rio do CFM.<\/div>\n<div><\/div>\n<div>Para participar basta enviar e-mail para o Departamento de Comiss\u00f5es e C\u00e2maras T\u00e9cnicas do CFM por meio do endere\u00e7o\u00a0<a href=\"mailto:comissoes@portalmedico.org.br\">\u00a0<\/a><a href=\"mailto:comissoes@portalmedico.org.br\">comissoes@portalmedico.org.br<\/a>. \u00c9 preciso identificar nome, CRM e fun\u00e7\u00e3o, al\u00e9m de encaminhar tamb\u00e9m a argumenta\u00e7\u00e3o para defesa da mudan\u00e7a.<\/div>\n<div><\/div>\n<div><strong>Compet\u00eancias &#8211;<\/strong>\u00a0Segundo a integrante da C\u00e2mara T\u00e9cnica no CFM, Maria do Patroc\u00ednio Ten\u00f3rio, o que est\u00e1 sendo colocado para an\u00e1lise dos m\u00e9dicos resulta na revis\u00e3o de literatura das principais diretrizes internacionais sobre o tema. \u201cA C\u00e2mara T\u00e9cnica procurou respeitar as necessidades e especificidades regionais, locais e o perfil institucional de forma\u00e7\u00e3o do especialista, garantindo um padr\u00e3o de forma\u00e7\u00e3o uniforme central em Cl\u00ednica M\u00e9dica\/Medicina Interna\u201d.<\/div>\n<div><\/div>\n<div>As compet\u00eancias para a forma\u00e7\u00e3o do cl\u00ednico m\u00e9dico tem sido debatidas em reuni\u00f5es mensais da C\u00e2mara T\u00e9cnica. Levando em considera\u00e7\u00e3o as necessidades e especificidades do servi\u00e7o, foram colocados n\u00edveis de sufici\u00eancia e excel\u00eancia em cada proposta. Estas foram divididas em sete eixos: profissionalismo; cuidado com o paciente e autocuidado; habilidades de comunica\u00e7\u00e3o; promo\u00e7\u00e3o da sa\u00fade e preven\u00e7\u00e3o de doen\u00e7a; consci\u00eancia dos custos; atividades acad\u00eamicas e cuidados paliativos.<\/div>\n<div><\/div>\n<div>A proposta tamb\u00e9m observou a abrang\u00eancia do conhecimento cl\u00ednico de acordo com a epidemiologia de agravos \u00e0 sa\u00fade dos adultos e as habilidades t\u00e9cnicas. Ainda aborda as habilidades em emerg\u00eancias e manuseio de medicamentos. Cada compet\u00eancia foi detalhada e identificados os m\u00e9todos de ensino e de avalia\u00e7\u00e3o.<\/div>\n","protected":false},"excerpt":{"rendered":"<p>fonte: CFM A C\u00e2mara T\u00e9cnica de Cl\u00ednica M\u00e9dica do Conselho Federal de Medicina (CFM) trabalha na elabora\u00e7\u00e3o da Matriz de Compet\u00eancias do Cl\u00ednico\/Internista, documento que tem por objetivo orientar a forma\u00e7\u00e3o e o desenvolvimento de conhecimentos, habilidades e atitudes do especialista. A proposta ser\u00e1 implementada como base para o ensino e aprimoramento da especialidade. (acesse [&hellip;]<\/p>\n","protected":false},"author":1,"featured_media":4771,"comment_status":"closed","ping_status":"open","sticky":false,"template":"","format":"standard","meta":{"ngg_post_thumbnail":0,"footnotes":""},"categories":[2],"tags":[],"class_list":["post-4770","post","type-post","status-publish","format-standard","has-post-thumbnail","hentry","category-noticias"],"aioseo_notices":[],"gutentor_comment":0,"_links":{"self":[{"href":"https:\/\/sobedrj.com.br\/novo\/wp-json\/wp\/v2\/posts\/4770","targetHints":{"allow":["GET"]}}],"collection":[{"href":"https:\/\/sobedrj.com.br\/novo\/wp-json\/wp\/v2\/posts"}],"about":[{"href":"https:\/\/sobedrj.com.br\/novo\/wp-json\/wp\/v2\/types\/post"}],"author":[{"embeddable":true,"href":"https:\/\/sobedrj.com.br\/novo\/wp-json\/wp\/v2\/users\/1"}],"replies":[{"embeddable":true,"href":"https:\/\/sobedrj.com.br\/novo\/wp-json\/wp\/v2\/comments?post=4770"}],"version-history":[{"count":1,"href":"https:\/\/sobedrj.com.br\/novo\/wp-json\/wp\/v2\/posts\/4770\/revisions"}],"predecessor-version":[{"id":4772,"href":"https:\/\/sobedrj.com.br\/novo\/wp-json\/wp\/v2\/posts\/4770\/revisions\/4772"}],"wp:featuredmedia":[{"embeddable":true,"href":"https:\/\/sobedrj.com.br\/novo\/wp-json\/wp\/v2\/media\/4771"}],"wp:attachment":[{"href":"https:\/\/sobedrj.com.br\/novo\/wp-json\/wp\/v2\/media?parent=4770"}],"wp:term":[{"taxonomy":"category","embeddable":true,"href":"https:\/\/sobedrj.com.br\/novo\/wp-json\/wp\/v2\/categories?post=4770"},{"taxonomy":"post_tag","embeddable":true,"href":"https:\/\/sobedrj.com.br\/novo\/wp-json\/wp\/v2\/tags?post=4770"}],"curies":[{"name":"wp","href":"https:\/\/api.w.org\/{rel}","templated":true}]}}