{"id":4779,"date":"2018-03-05T12:29:49","date_gmt":"2018-03-05T12:29:49","guid":{"rendered":"http:\/\/sobedrj.com.br\/novo\/?p=4779"},"modified":"2018-03-06T11:10:03","modified_gmt":"2018-03-06T11:10:03","slug":"quase-metade-dos-medicos-formados-no-exterior-foram-reprovados-em-ao-menos-uma-das-seis-edicoes-do-revalida","status":"publish","type":"post","link":"https:\/\/sobedrj.com.br\/novo\/2018\/03\/05\/quase-metade-dos-medicos-formados-no-exterior-foram-reprovados-em-ao-menos-uma-das-seis-edicoes-do-revalida\/","title":{"rendered":"Quase metade dos m\u00e9dicos formados no exterior foram reprovados em ao menos uma das seis edi\u00e7\u00f5es do Revalida"},"content":{"rendered":"<p>fonte: G1<\/p>\n<div class=\"mc-column content-text active-extra-styles active-capital-letter\" data-block-type=\"unstyled\" data-block-weight=\"53\" data-block-id=\"1\">\n<p class=\"content-text__container theme-color-primary-first-letter\" data-track-category=\"Link no Texto\" data-track-links=\"\">Desde 2011, o Exame Nacional de Revalida\u00e7\u00e3o de Diplomas M\u00e9dicos Expedidos por Institui\u00e7\u00f5es de Educa\u00e7\u00e3o Superior Estrangeira, conhecido como Revalida, recebeu a participa\u00e7\u00e3o de 7.821 m\u00e9dicos. Por\u00e9m, 47,4% deles foram reprovados em pelo menos uma edi\u00e7\u00e3o do exame. Sem a aprova\u00e7\u00e3o no Revalida, os formados no exterior n\u00e3o podem atuar na medicina brasileira.<\/p>\n<\/div>\n<div class=\"mc-column content-text active-extra-styles \" data-block-type=\"unstyled\" data-block-weight=\"55\" data-block-id=\"2\">\n<p class=\"content-text__container \" data-track-category=\"Link no Texto\" data-track-links=\"\">Os dados fazem parte de um levantamento obtido com exclusividade pelo\u00a0<strong>G1<\/strong>, com informa\u00e7\u00f5es sobre as edi\u00e7\u00f5es do Revalida aplicadas entre 2011 e 2016. Nas seis edi\u00e7\u00f5es j\u00e1 finalizadas, 4.117 m\u00e9dicos que fizeram a faculdade fora do pa\u00eds conseguiram nota suficiente no exame para revalidarem o diploma. Tr\u00eas quartos deles s\u00e3o brasileiros, bolivianos ou cubanos.<\/p>\n<\/div>\n<div class=\"mc-column content-text active-extra-styles \" data-block-type=\"unstyled\" data-block-weight=\"39\" data-block-id=\"3\">\n<p class=\"content-text__container \" data-track-category=\"Link no Texto\" data-track-links=\"\">A edi\u00e7\u00e3o de 2017 ainda n\u00e3o terminou \u2013 o resultado da primeira fase foi divulgado em janeiro, depois de passar dois meses suspenso, e a data da aplica\u00e7\u00e3o da segunda etapa, inicialmente prevista para mar\u00e7o, ainda n\u00e3o foi redefinida.<\/p>\n<\/div>\n<div class=\"mc-column content-text active-extra-styles \" data-block-type=\"unstyled\" data-block-weight=\"37\" data-block-id=\"4\">\n<p class=\"content-text__container \" data-track-category=\"Link no Texto\" data-track-links=\"\">O Inep afirmou ao\u00a0<strong>G1<\/strong>\u00a0que os atrasos se devem ao\u00a0<a href=\"https:\/\/g1.globo.com\/educacao\/noticia\/1377-acoes-judiciais-provocaram-atrasos-na-aplicacao-do-revalida-2017-diz-inep.ghtml\">alto n\u00famero de candidatos do Revalida que recorreram \u00e0 Justi\u00e7a<\/a>\u00a0para participar do exame sem apresentar o diploma e a quest\u00f5es burocr\u00e1ticas da lei de licita\u00e7\u00f5es.<\/p>\n<\/div>\n<div class=\"mc-column content-text active-extra-styles \" data-block-type=\"unstyled\" data-block-weight=\"54\" data-block-id=\"5\">\n<p class=\"content-text__container \" data-track-category=\"Link no Texto\" data-track-links=\"\">Os brasileiros que decidiram estudar medicina no exterior respondem por 51,9% de todas as participa\u00e7\u00f5es registradas nesse per\u00edodo (uma mesma pessoa pode ter participado mais de uma vez no exame), e tamb\u00e9m s\u00e3o a maioria (52,9%) dos aprovados. Nas seis edi\u00e7\u00f5es, 2.176 brasileiros conseguiram passar no Revalida, seguidos de 491 bolivianos e 459 cubanos.<\/p>\n<p class=\"content-text__container \" data-track-category=\"Link no Texto\" data-track-links=\"\">Um brasileiro na R\u00fassia<\/p>\n<div class=\"mc-column content-text active-extra-styles \" data-block-type=\"unstyled\" data-block-weight=\"55\" data-block-id=\"8\">\n<p class=\"content-text__container \" data-track-category=\"Link no Texto\" data-track-links=\"\">No Revalida 2016, 1.531 pessoas foram aprovadas, sendo que 831 s\u00e3o cidad\u00e3os brasileiros. Um deles \u00e9 Cau\u00ea Alberto de Gouveia, de 30 anos, que tem uma trajet\u00f3ria cada vez mais comum, de brasileiros que, ao n\u00e3o conseguirem aprova\u00e7\u00e3o em vestibulares de medicina em universidades p\u00fablicas no Brasil, optam por estudar em uma faculdade no exterior.<\/p>\n<p class=\"content-text__container \" data-track-category=\"Link no Texto\" data-track-links=\"\">Os motivos variam: desde as mensalidades mais baixas que as das institui\u00e7\u00f5es particulares brasileiras at\u00e9 a oportunidade de viver uma experi\u00eancia diferente, caso do m\u00e9dico nascido em Santo Andr\u00e9, na Grande S\u00e3o Paulo.<\/p>\n<div class=\"mc-column content-text active-extra-styles \" data-block-type=\"unstyled\" data-block-weight=\"28\" data-block-id=\"12\">\n<p class=\"content-text__container \" data-track-category=\"Link no Texto\" data-track-links=\"\">Assim que concluiu o ensino m\u00e9dio, o estudante chegou a prestar vestibular para alguns cursos, como farm\u00e1cia e nutri\u00e7\u00e3o, porque acreditava que medicina tinha uma concorr\u00eancia alta demais.<\/p>\n<\/div>\n<div class=\"mc-column content-text active-extra-styles \" data-block-type=\"unstyled\" data-block-weight=\"68\" data-block-id=\"13\">\n<p class=\"content-text__container \" data-track-category=\"Link no Texto\" data-track-links=\"\">&#8220;Fiz um ano de cursinho, n\u00e3o entrei em nenhuma faculdade e fui trabalhar num pronto-socorro em S\u00e3o Bernardo do Campo&#8221;, conta Gouveia. Apesar de atuar no setor administrativo, ele diz que foi nesse emprego que definiu sua voca\u00e7\u00e3o. &#8220;Falei: &#8216;realmente medicina \u00e9 o que eu quero fazer pra minha vida\u2019. Ent\u00e3o fui estudando, sa\u00ed do trabalho, voltei para o cursinho, focado realmente em fazer o curso de medicina.&#8221;<\/p>\n<\/div>\n<div class=\"mc-column content-text active-extra-styles \" data-block-type=\"unstyled\" data-block-weight=\"57\" data-block-id=\"14\">\n<p class=\"content-text__container \" data-track-category=\"Link no Texto\" data-track-links=\"\">Ap\u00f3s dois anos de tentativas frustradas em todos os principais vestibulares, o jovem descobriu que v\u00e1rios brasileiros estavam escolhendo faculdades estatais na R\u00fassia, com cursos em ingl\u00eas, para estudar medicina. &#8220;Pensei: &#8216;poxa, por que n\u00e3o?&#8217; Sempre tive vontade de sair do Brasil, para ter uma experi\u00eancia nova e diferente&#8221;, lembra ele, que embarcou em abril de 2010.<\/p>\n<\/div>\n<div class=\"mc-column content-text active-extra-styles \" data-block-type=\"unstyled\" data-block-weight=\"57\" data-block-id=\"15\">\n<p class=\"content-text__container \" data-track-category=\"Link no Texto\" data-track-links=\"\">Seu primeiro destino foi um curso preparat\u00f3rio para a faculdade em Kursk, cidade russa perto da fronteira com a Ucr\u00e2nia para onde v\u00e3o muitos brasileiros. &#8220;Se corresse tudo bem no curso preparat\u00f3rio eu faria uma prova de entrada na faculdade. Se passasse nessa prova de entrada poderia come\u00e7ar o curso de medicina. E foi isso que aconteceu.&#8221;<\/p>\n<p class=\"content-text__container \" data-track-category=\"Link no Texto\" data-track-links=\"\">No meio da faculdade, Gouveia pediu transfer\u00eancia para outra universidade, em S\u00e3o Petersburgo, em busca de uma experi\u00eancia em uma cidade maior. Ele concluiu a gradua\u00e7\u00e3o em medicina em agosto de 2016 e recebeu seu diploma no mesmo dia da cola\u00e7\u00e3o de grau.<\/p>\n<p class=\"content-text__container \" data-track-category=\"Link no Texto\" data-track-links=\"\"><strong>Dois anos de prepara\u00e7\u00e3o para o Revalida<\/strong><\/p>\n<\/div>\n<div class=\"mc-column content-text active-extra-styles \" data-block-type=\"unstyled\" data-block-weight=\"40\" data-block-id=\"19\">\n<p class=\"content-text__container \" data-track-category=\"Link no Texto\" data-track-links=\"\">J\u00e1 um m\u00e9dico formado, ele retornou ao Brasil em agosto com sua inscri\u00e7\u00e3o aprovada no Programa Mais M\u00e9dicos, onde trabalha at\u00e9 hoje. Ele se inscreveu tamb\u00e9m no Revalida 2016 e foi aprovado no mesmo ano nas duas etapas do exame.<\/p>\n<\/div>\n<div class=\"mc-column content-text active-extra-styles \" data-block-type=\"unstyled\" data-block-weight=\"31\" data-block-id=\"20\">\n<p class=\"content-text__container \" data-track-category=\"Link no Texto\" data-track-links=\"\">&#8220;Para mim as coisas funcionaram muito bem, porque me programei bastante. Em 2014, dois anos antes, j\u00e1 comecei a estudar para o Revalida. Estudei todas as provas de 2011 at\u00e9 2016.&#8221;<\/p>\n<\/div>\n<div class=\"mc-column content-text active-extra-styles \" data-block-type=\"unstyled\" data-block-weight=\"62\" data-block-id=\"21\">\n<p class=\"content-text__container \" data-track-category=\"Link no Texto\" data-track-links=\"\">Gouveia criou um grupo no Facebook para estudar para o Revalida com amigos, que depois foi aberto a outros candidatos. Hoje, conta com mais de 3 mil membros. O m\u00e9dico tamb\u00e9m criou um canal no YouTube, com mais de 2 mil inscritos, um podcast e um canal no Telegram, que auxilia outros m\u00e9dicos brasileiros e estrangeiros a se prepararem para o exame.<\/p>\n<p class=\"content-text__container \" style=\"text-align: center;\" data-track-category=\"Link no Texto\" data-track-links=\"\"><a href=\"http:\/\/sobedrj.com.br\/novo\/wp-content\/uploads\/2018\/03\/revalida2.jpg\" rel=\"lightbox[4779]\"><img loading=\"lazy\" decoding=\"async\" class=\"aligncenter size-full wp-image-4781\" src=\"http:\/\/sobedrj.com.br\/novo\/wp-content\/uploads\/2018\/03\/revalida2.jpg\" alt=\"\" width=\"649\" height=\"516\" srcset=\"https:\/\/sobedrj.com.br\/novo\/wp-content\/uploads\/2018\/03\/revalida2.jpg 649w, https:\/\/sobedrj.com.br\/novo\/wp-content\/uploads\/2018\/03\/revalida2-300x239.jpg 300w, https:\/\/sobedrj.com.br\/novo\/wp-content\/uploads\/2018\/03\/revalida2-600x477.jpg 600w\" sizes=\"auto, (max-width: 649px) 100vw, 649px\" \/><\/a><\/p>\n<p class=\"content-text__container \" data-track-category=\"Link no Texto\" data-track-links=\"\"><strong>Participa\u00e7\u00e3o crescente<\/strong><\/p>\n<\/div>\n<div class=\"mc-column content-text active-extra-styles \" data-block-type=\"unstyled\" data-block-weight=\"68\" data-block-id=\"23\">\n<p class=\"content-text__container \" data-track-category=\"Link no Texto\" data-track-links=\"\">Desde 2011, quando foi criado para unificar o processo de valida\u00e7\u00e3o de diplomas de medicina obtidos no exterior, o Revalida viu o n\u00famero de candidatos aumentar quase 14 vezes. A taxa de aprova\u00e7\u00e3o na primeira etapa, por\u00e9m, nunca passou de 50% \u2013 n\u00edvel registrado na edi\u00e7\u00e3o 2015. A edi\u00e7\u00e3o que mais reprovou candidatos na primeira etapa foi a de 2013, quando nove em cada dez participantes foram eliminados.<\/p>\n<\/div>\n<div class=\"mc-column content-text active-extra-styles \" data-block-type=\"unstyled\" data-block-weight=\"39\" data-block-id=\"24\">\n<p class=\"content-text__container \" data-track-category=\"Link no Texto\" data-track-links=\"\">A edi\u00e7\u00e3o 2017, que ainda n\u00e3o terminou, teve recorde de participantes: 7.379 m\u00e9dicos fizeram a primeira etapa, mas at\u00e9 o fim de janeiro s\u00f3 963 deles haviam sido aprovados para a segunda etapa, que ainda n\u00e3o tem data definida.<\/p>\n<\/div>\n<div class=\"mc-column content-text active-extra-styles \" data-block-type=\"unstyled\" data-block-weight=\"75\" data-block-id=\"25\">\n<p class=\"content-text__container \" data-track-category=\"Link no Texto\" data-track-links=\"\">O Inep afirma que esse n\u00famero pode mudar porque h\u00e1 candidatos esperando decis\u00f5es judiciais para validar sua participa\u00e7\u00e3o no exame, o que garantir\u00e1 seu acesso ao resultado. Neste ano,\u00a0<a href=\"https:\/\/g1.globo.com\/educacao\/noticia\/1377-acoes-judiciais-provocaram-atrasos-na-aplicacao-do-revalida-2017-diz-inep.ghtml\">dados obtidos pelo G1 mostram que 1.377 candidatos do Revalida entraram na Justi\u00e7a para se inscrever para o exame<\/a>\u00a0sem ter em m\u00e3os o diploma de medicina, ou por outro problema na homologa\u00e7\u00e3o \u2013 desses, 91 est\u00e3o no grupo de 963 aprovados para a segunda etapa.<\/p>\n<p class=\"content-text__container \" data-track-category=\"Link no Texto\" data-track-links=\"\"><strong>Nacionalidades<\/strong><\/p>\n<div class=\"mc-column content-text active-extra-styles \" data-block-type=\"unstyled\" data-block-weight=\"26\" data-block-id=\"29\">\n<p class=\"content-text__container \" data-track-category=\"Link no Texto\" data-track-links=\"\">Em todas as seis edi\u00e7\u00f5es do Revalida, a taxa m\u00e9dia de aprova\u00e7\u00e3o em cada ano \u00e9 de 21,4% do total de m\u00e9dicos que participaram do exame.<\/p>\n<\/div>\n<div class=\"mc-column content-text active-extra-styles \" data-block-type=\"unstyled\" data-block-weight=\"37\" data-block-id=\"30\">\n<p class=\"content-text__container \" data-track-category=\"Link no Texto\" data-track-links=\"\">Considerando a taxa m\u00e9dia de aprova\u00e7\u00e3o por pa\u00eds nas \u00faltimas edi\u00e7\u00f5es, o Brasil fica em pen\u00faltimo lugar, atr\u00e1s apenas da Bol\u00edvia. Com o maior n\u00famero de participantes, o Brasil tem m\u00e9dia de 20,7% de aprova\u00e7\u00f5es por edi\u00e7\u00e3o.<\/p>\n<\/div>\n<div class=\"mc-column content-text active-extra-styles \" data-block-type=\"unstyled\" data-block-weight=\"42\" data-block-id=\"31\">\n<p class=\"content-text__container \" data-track-category=\"Link no Texto\" data-track-links=\"\">Os tr\u00eas pa\u00edses com a maior taxa m\u00e9dia de aprova\u00e7\u00f5es s\u00e3o Equador, Portugal e Uruguai. S\u00e3o tamb\u00e9m os tr\u00eas pa\u00edses com o menor n\u00famero absoluto de participantes e de aprovados, e os \u00fanicos que n\u00e3o tiveram participantes em todas as seis edi\u00e7\u00f5es.<\/p>\n<p class=\"content-text__container \" style=\"text-align: center;\" data-track-category=\"Link no Texto\" data-track-links=\"\"><a href=\"http:\/\/sobedrj.com.br\/novo\/wp-content\/uploads\/2018\/03\/revalida3.png\" rel=\"lightbox[4779]\"><img loading=\"lazy\" decoding=\"async\" class=\"aligncenter size-full wp-image-4782\" src=\"http:\/\/sobedrj.com.br\/novo\/wp-content\/uploads\/2018\/03\/revalida3.png\" alt=\"\" width=\"1000\" height=\"1376\" srcset=\"https:\/\/sobedrj.com.br\/novo\/wp-content\/uploads\/2018\/03\/revalida3.png 1000w, https:\/\/sobedrj.com.br\/novo\/wp-content\/uploads\/2018\/03\/revalida3-218x300.png 218w, https:\/\/sobedrj.com.br\/novo\/wp-content\/uploads\/2018\/03\/revalida3-768x1057.png 768w, https:\/\/sobedrj.com.br\/novo\/wp-content\/uploads\/2018\/03\/revalida3-744x1024.png 744w, https:\/\/sobedrj.com.br\/novo\/wp-content\/uploads\/2018\/03\/revalida3-600x826.png 600w\" sizes=\"auto, (max-width: 1000px) 100vw, 1000px\" \/><\/a><\/p>\n<\/div>\n<div class=\"mc-column content-text active-extra-styles \" data-block-type=\"unstyled\" data-block-weight=\"45\" data-block-id=\"32\">\n<p class=\"content-text__container \" data-track-category=\"Link no Texto\" data-track-links=\"\">A Bol\u00edvia, que tem o segundo maior n\u00famero de participa\u00e7\u00f5es por nacionalidade, tem uma taxa m\u00e9dia de aprova\u00e7\u00e3o de 14,1%. Cuba, o terceiro pa\u00eds em n\u00famero de participa\u00e7\u00f5es e aprova\u00e7\u00f5es, tem taxa m\u00e9dia mais alta: 28,8% dos participantes cubanos s\u00e3o aprovados em m\u00e9dia por edi\u00e7\u00e3o.<\/p>\n<div class=\"mc-column content-text active-extra-styles \" data-block-type=\"unstyled\" data-block-weight=\"29\" data-block-id=\"35\">\n<p class=\"content-text__container \" data-track-category=\"Link no Texto\" data-track-links=\"\">Os n\u00fameros mostram ainda que, dos 7.821 m\u00e9dicos e m\u00e9dicas que j\u00e1 participaram do Revalida entre 2011 e 2016, a maioria (5.550) s\u00f3 realizou o exame uma \u00fanica vez.<\/p>\n<\/div>\n<div class=\"mc-column content-text active-extra-styles \" data-block-type=\"unstyled\" data-block-weight=\"72\" data-block-id=\"36\">\n<p class=\"content-text__container \" data-track-category=\"Link no Texto\" data-track-links=\"\">Por\u00e9m, 609 pessoas fizeram pelo menos tr\u00eas das seis edi\u00e7\u00f5es j\u00e1 finalizadas (o Inep, que fez o levantamento a partir do CPF ou documento de identidade dos inscritos, ainda n\u00e3o tem dados tabulados sobre a participa\u00e7\u00e3o no Revalida 2017). Um grupo de 11 m\u00e9dicos realizou todas as seis edi\u00e7\u00f5es \u2013 n\u00e3o h\u00e1 informa\u00e7\u00f5es sobre quantos deles conseguiram a aprova\u00e7\u00e3o em 2016, ou se algum deles tamb\u00e9m est\u00e1 participando da edi\u00e7\u00e3o de 2017.<\/p>\n<\/div>\n<\/div>\n<div class=\"mc-column content-media content-media--normal  content-photo\" data-block-type=\"backstage-photo\" data-block-id=\"33\">\n<div class=\"content-media__container\">\n<div class=\"content-media__image-centered\">\n<div class=\"progressive-img can-open-lightbox\" style=\"text-align: center;\" data-min-size=\"1008x1386\" data-min-size-url=\"https:\/\/s2.glbimg.com\/m4fW7udlKPYPD78ni0_cMvfcWPM=\/0x0:1600x2201\/1008x0\/smart\/filters:strip_icc()\/i.s3.glbimg.com\/v1\/AUTH_59edd422c0c84a879bd37670ae4f538a\/internal_photos\/bs\/2018\/z\/Z\/V1K421RHWSA7fAWokh7Q\/grafico-taxa-aprovacao-revalida-nacionalidade.png\" data-max-size=\"1600x2201\" data-max-size-url=\"https:\/\/s2.glbimg.com\/FpGgjWfR-hlBUJnhDEphjs6SZ-w=\/0x0:1600x2201\/1600x0\/smart\/filters:strip_icc()\/i.s3.glbimg.com\/v1\/AUTH_59edd422c0c84a879bd37670ae4f538a\/internal_photos\/bs\/2018\/z\/Z\/V1K421RHWSA7fAWokh7Q\/grafico-taxa-aprovacao-revalida-nacionalidade.png\" data-media-index=\"2\"><a href=\"http:\/\/sobedrj.com.br\/novo\/wp-content\/uploads\/2018\/03\/revalida4.png\" rel=\"lightbox[4779]\"><img loading=\"lazy\" decoding=\"async\" class=\"aligncenter size-full wp-image-4783\" src=\"http:\/\/sobedrj.com.br\/novo\/wp-content\/uploads\/2018\/03\/revalida4.png\" alt=\"\" width=\"1000\" height=\"1020\" srcset=\"https:\/\/sobedrj.com.br\/novo\/wp-content\/uploads\/2018\/03\/revalida4.png 1000w, https:\/\/sobedrj.com.br\/novo\/wp-content\/uploads\/2018\/03\/revalida4-294x300.png 294w, https:\/\/sobedrj.com.br\/novo\/wp-content\/uploads\/2018\/03\/revalida4-768x783.png 768w, https:\/\/sobedrj.com.br\/novo\/wp-content\/uploads\/2018\/03\/revalida4-600x612.png 600w\" sizes=\"auto, (max-width: 1000px) 100vw, 1000px\" \/><\/a><\/div>\n<\/div>\n<\/div>\n<\/div>\n<\/div>\n<\/div>\n<\/div>\n","protected":false},"excerpt":{"rendered":"<p>fonte: G1 Desde 2011, o Exame Nacional de Revalida\u00e7\u00e3o de Diplomas M\u00e9dicos Expedidos por Institui\u00e7\u00f5es de Educa\u00e7\u00e3o Superior Estrangeira, conhecido como Revalida, recebeu a participa\u00e7\u00e3o de 7.821 m\u00e9dicos. Por\u00e9m, 47,4% deles foram reprovados em pelo menos uma edi\u00e7\u00e3o do exame. Sem a aprova\u00e7\u00e3o no Revalida, os formados no exterior n\u00e3o podem atuar na medicina brasileira. [&hellip;]<\/p>\n","protected":false},"author":1,"featured_media":4780,"comment_status":"closed","ping_status":"open","sticky":false,"template":"","format":"standard","meta":{"ngg_post_thumbnail":0,"footnotes":""},"categories":[2],"tags":[],"class_list":["post-4779","post","type-post","status-publish","format-standard","has-post-thumbnail","hentry","category-noticias"],"aioseo_notices":[],"gutentor_comment":0,"_links":{"self":[{"href":"https:\/\/sobedrj.com.br\/novo\/wp-json\/wp\/v2\/posts\/4779","targetHints":{"allow":["GET"]}}],"collection":[{"href":"https:\/\/sobedrj.com.br\/novo\/wp-json\/wp\/v2\/posts"}],"about":[{"href":"https:\/\/sobedrj.com.br\/novo\/wp-json\/wp\/v2\/types\/post"}],"author":[{"embeddable":true,"href":"https:\/\/sobedrj.com.br\/novo\/wp-json\/wp\/v2\/users\/1"}],"replies":[{"embeddable":true,"href":"https:\/\/sobedrj.com.br\/novo\/wp-json\/wp\/v2\/comments?post=4779"}],"version-history":[{"count":1,"href":"https:\/\/sobedrj.com.br\/novo\/wp-json\/wp\/v2\/posts\/4779\/revisions"}],"predecessor-version":[{"id":4784,"href":"https:\/\/sobedrj.com.br\/novo\/wp-json\/wp\/v2\/posts\/4779\/revisions\/4784"}],"wp:featuredmedia":[{"embeddable":true,"href":"https:\/\/sobedrj.com.br\/novo\/wp-json\/wp\/v2\/media\/4780"}],"wp:attachment":[{"href":"https:\/\/sobedrj.com.br\/novo\/wp-json\/wp\/v2\/media?parent=4779"}],"wp:term":[{"taxonomy":"category","embeddable":true,"href":"https:\/\/sobedrj.com.br\/novo\/wp-json\/wp\/v2\/categories?post=4779"},{"taxonomy":"post_tag","embeddable":true,"href":"https:\/\/sobedrj.com.br\/novo\/wp-json\/wp\/v2\/tags?post=4779"}],"curies":[{"name":"wp","href":"https:\/\/api.w.org\/{rel}","templated":true}]}}