{"id":4789,"date":"2018-03-05T12:52:37","date_gmt":"2018-03-05T12:52:37","guid":{"rendered":"http:\/\/sobedrj.com.br\/novo\/?p=4789"},"modified":"2018-03-06T11:09:30","modified_gmt":"2018-03-06T11:09:30","slug":"sobed-resgata-a-historia-da-endoscopia-em-serie-nas-midias-sociais","status":"publish","type":"post","link":"https:\/\/sobedrj.com.br\/novo\/2018\/03\/05\/sobed-resgata-a-historia-da-endoscopia-em-serie-nas-midias-sociais\/","title":{"rendered":"SOBED resgata a hist\u00f3ria da Endoscopia em s\u00e9rie nas m\u00eddias sociais"},"content":{"rendered":"<p>fonte: SOBED<\/p>\n<p style=\"font-weight: 400;\">J\u00e1 conferiu a s\u00e9rie sobre a Hist\u00f3ria da Endoscopia em nossas m\u00eddias sociais? Por meio da #Hist\u00f3riadaEndoscopiaSOBED, voc\u00ea acessa as publica\u00e7\u00f5es que j\u00e1 fizemos a respeito do tema: j\u00e1 falamos sobre o primeiro endoscopista; o inventor da fibra \u00f3ptica melhorada; e a origem da do termo \u201cendoscopia\u201d.<\/p>\n<p style=\"font-weight: 400;\">A partir dessa semana, narraremos as Eras da Endoscopia Digestiva. \u00c0s segundas-feiras, postaremos em nossa p\u00e1gina no\u00a0<a href=\"https:\/\/www.facebook.com\/SobedNacional\">Facebook<\/a>\u00a0e no\u00a0<a href=\"https:\/\/www.instagram.com\/sobednacional\/\">Instagram<\/a>, \u00e0s 17h, detalhes de cada per\u00edodo pelo qual passamos at\u00e9 chegarmos ao procedimento como conhecemos hoje.<\/p>\n<p style=\"font-weight: 400;\">Siga-nos e acompanhe!<\/p>\n<p style=\"font-weight: 400;\"><a href=\"https:\/\/www.facebook.com\/SobedNacional\">FACEBOOK<\/a><\/p>\n<p style=\"font-weight: 400;\"><a href=\"https:\/\/www.instagram.com\/sobednacional\/\">INSTAGRAM<\/a><\/p>\n<p style=\"font-weight: 400;\">\n","protected":false},"excerpt":{"rendered":"<p>fonte: SOBED J\u00e1 conferiu a s\u00e9rie sobre a Hist\u00f3ria da Endoscopia em nossas m\u00eddias sociais? Por meio da #Hist\u00f3riadaEndoscopiaSOBED, voc\u00ea acessa as publica\u00e7\u00f5es que j\u00e1 fizemos a respeito do tema: j\u00e1 falamos sobre o primeiro endoscopista; o inventor da fibra \u00f3ptica melhorada; e a origem da do termo \u201cendoscopia\u201d. A partir dessa semana, narraremos as [&hellip;]<\/p>\n","protected":false},"author":1,"featured_media":0,"comment_status":"closed","ping_status":"open","sticky":false,"template":"","format":"standard","meta":{"ngg_post_thumbnail":0,"footnotes":""},"categories":[2],"tags":[],"class_list":["post-4789","post","type-post","status-publish","format-standard","hentry","category-noticias"],"aioseo_notices":[],"gutentor_comment":0,"_links":{"self":[{"href":"https:\/\/sobedrj.com.br\/novo\/wp-json\/wp\/v2\/posts\/4789","targetHints":{"allow":["GET"]}}],"collection":[{"href":"https:\/\/sobedrj.com.br\/novo\/wp-json\/wp\/v2\/posts"}],"about":[{"href":"https:\/\/sobedrj.com.br\/novo\/wp-json\/wp\/v2\/types\/post"}],"author":[{"embeddable":true,"href":"https:\/\/sobedrj.com.br\/novo\/wp-json\/wp\/v2\/users\/1"}],"replies":[{"embeddable":true,"href":"https:\/\/sobedrj.com.br\/novo\/wp-json\/wp\/v2\/comments?post=4789"}],"version-history":[{"count":1,"href":"https:\/\/sobedrj.com.br\/novo\/wp-json\/wp\/v2\/posts\/4789\/revisions"}],"predecessor-version":[{"id":4791,"href":"https:\/\/sobedrj.com.br\/novo\/wp-json\/wp\/v2\/posts\/4789\/revisions\/4791"}],"wp:attachment":[{"href":"https:\/\/sobedrj.com.br\/novo\/wp-json\/wp\/v2\/media?parent=4789"}],"wp:term":[{"taxonomy":"category","embeddable":true,"href":"https:\/\/sobedrj.com.br\/novo\/wp-json\/wp\/v2\/categories?post=4789"},{"taxonomy":"post_tag","embeddable":true,"href":"https:\/\/sobedrj.com.br\/novo\/wp-json\/wp\/v2\/tags?post=4789"}],"curies":[{"name":"wp","href":"https:\/\/api.w.org\/{rel}","templated":true}]}}